{"id":5238,"date":"2023-01-13T23:27:12","date_gmt":"2023-01-13T23:27:12","guid":{"rendered":"https:\/\/diariodigitalnea.com\/?p=5238"},"modified":"2023-01-14T01:25:22","modified_gmt":"2023-01-14T01:25:22","slug":"los-denim-looks-de-camila-homs-e-ivana-figueiras-con-transparencias-marcan-una-tendencia-para-este-verano2023","status":"publish","type":"post","link":"https:\/\/diariodigitalnea.com\/index.php\/2023\/01\/13\/los-denim-looks-de-camila-homs-e-ivana-figueiras-con-transparencias-marcan-una-tendencia-para-este-verano2023\/","title":{"rendered":"Los denim looks de Camila Homs e Ivana Figueiras con transparencias, marcan una tendencia para este Verano2023"},"content":{"rendered":"\n<p>La modelo Camila Homs pos\u00f3 junto a la empresaria y tambi\u00e9n modelo Ivana Figueiras, ambas con look que llamaron la atenci\u00f3n en la noche del verano en Punta<\/p>\n\n\n\n<p><br>Antes de que comience el cierre de la segunda semana del 2023, las modelos Cami Homs e Ivana Figueiras fueron el centro de atracci\u00f3n por su imponente belleza y sus siluetas doradas por el verano este\u00f1o en una noche donde el estilo, la moda y el buen gusto fueron parte del men\u00fa.<\/p>\n\n\n\n<p>Desde Punta del Este, la ex de Rodrigo de Paul pos\u00f3 junto a la empresaria textil con dos denim looks opuestos en sus prendas pero con el estilo alineados, perfecto para un un sunset que solo las playas uruguayas puede ofrecer.<\/p>\n\n\n\n<figure class=\"wp-block-image size-full is-resized\"><img fetchpriority=\"high\" decoding=\"async\" src=\"https:\/\/diariodigitalnea.com\/wp-content\/uploads\/2023\/01\/cami5.jpg\" alt=\"\" class=\"wp-image-5239\" width=\"634\" height=\"666\" srcset=\"https:\/\/diariodigitalnea.com\/wp-content\/uploads\/2023\/01\/cami5.jpg 430w, https:\/\/diariodigitalnea.com\/wp-content\/uploads\/2023\/01\/cami5-285x300.jpg 285w\" sizes=\"(max-width: 634px) 100vw, 634px\" \/><\/figure>\n\n\n\n<p><br>Las dos famosas hicieron gala de sus siluetas perfectamente moldeadas y llevaron la transparencia con tela de jean a un nivel fashion de otro categor\u00eda.<\/p>\n\n\n\n<p>Ivana, por su lado, eligi\u00f3 una maxi falda de mezclilla en tono azul francia con botones al frente, muy \u00abstreet style\u00bb. La blusa blanca con encajes en color blanco, se roban las miradas de los seguidores.<br>Cami, en cambio, opt\u00f3 por el cl\u00e1sico jean en celeste de tiro alto y combin\u00f3 su denim look con una incre\u00edble y muy sexy blusa negra con escote profundo y delicados encajes.<\/p>\n\n\n\n<figure class=\"wp-block-image size-full is-resized\"><img decoding=\"async\" src=\"https:\/\/diariodigitalnea.com\/wp-content\/uploads\/2023\/01\/cami3.jpg\" alt=\"\" class=\"wp-image-5240\" width=\"628\" height=\"618\" srcset=\"https:\/\/diariodigitalnea.com\/wp-content\/uploads\/2023\/01\/cami3.jpg 504w, https:\/\/diariodigitalnea.com\/wp-content\/uploads\/2023\/01\/cami3-300x295.jpg 300w\" sizes=\"(max-width: 628px) 100vw, 628px\" \/><\/figure>\n\n\n\n<p>Ambas blusas tiene algo en com\u00fan, m\u00e1s all\u00e1 de las transparencias y lo diosas que las hacen ver, los dos dise\u00f1os cuentan con magas largas. \u00a1Dios\u00edsimas!<br>Caro Criado present\u00f3 su local en el cual Zaira Nara dise\u00f1o algunas de sus c\u00e1psulas. Dado que le evento fue organizado por Ivana, las famosas coincidieron en el mismo lugar gracias a la moda.<\/p>\n\n\n\n<figure class=\"wp-block-image size-full is-resized\"><img decoding=\"async\" src=\"https:\/\/diariodigitalnea.com\/wp-content\/uploads\/2023\/01\/cami2.jpg\" alt=\"\" class=\"wp-image-5241\" width=\"638\" height=\"626\" srcset=\"https:\/\/diariodigitalnea.com\/wp-content\/uploads\/2023\/01\/cami2.jpg 533w, https:\/\/diariodigitalnea.com\/wp-content\/uploads\/2023\/01\/cami2-300x294.jpg 300w\" sizes=\"(max-width: 638px) 100vw, 638px\" \/><\/figure>\n\n\n\n<p><br>Camila Homs pide m\u00e1s verano<\/p>\n\n\n\n<p><br>Este es el primer verano que Camila Homs pasa oficial y p\u00fablicamente soltera; es decir, sin Rodrigo de Paul, pues su ruptura con Carlos Benvenuto es un secreto a voces.<\/p>\n\n\n\n<p><br>Pese a todo lo que se habla y no se cuenta, Cami disfruta del verano en Punta del Este y lo hace por todo lo alto. Con mucha fiesta, playa, bronceados y marcas que la quieren tener con sus prendas. \u00abBeach, please\u00bb, coment\u00f3 la famosa y medi\u00e1tica modelo en su cuenta de Instagram.<\/p>\n\n\n\n<figure class=\"wp-block-image size-full\"><img loading=\"lazy\" decoding=\"async\" width=\"1024\" height=\"375\" src=\"http:\/\/diariodigitalnea.com\/wp-content\/uploads\/2022\/10\/CONSTRUCAL-CON-FABRICA.jpg\" alt=\"\" class=\"wp-image-2241\" srcset=\"https:\/\/diariodigitalnea.com\/wp-content\/uploads\/2022\/10\/CONSTRUCAL-CON-FABRICA.jpg 1024w, https:\/\/diariodigitalnea.com\/wp-content\/uploads\/2022\/10\/CONSTRUCAL-CON-FABRICA-300x110.jpg 300w, https:\/\/diariodigitalnea.com\/wp-content\/uploads\/2022\/10\/CONSTRUCAL-CON-FABRICA-768x281.jpg 768w\" sizes=\"(max-width: 1024px) 100vw, 1024px\" \/><figcaption>Publicidad: ConstruCal Cales hidratas y vivas para uso vial y construcci\u00f3n TEL: 3624602737<\/figcaption><\/figure>\n","protected":false},"excerpt":{"rendered":"<p>La modelo Camila Homs pos\u00f3 junto a la empresaria y tambi\u00e9n modelo Ivana Figueiras, ambas con look que llamaron la atenci\u00f3n en la noche del verano en Punta Antes de que comience el cierre de la segunda semana del 2023, las modelos Cami Homs e Ivana Figueiras fueron el centro de atracci\u00f3n por su imponente [&hellip;]<\/p>\n","protected":false},"author":4,"featured_media":5242,"comment_status":"closed","ping_status":"closed","sticky":false,"template":"","format":"standard","meta":{"om_disable_all_campaigns":false,"_monsterinsights_skip_tracking":false,"_monsterinsights_sitenote_active":false,"_monsterinsights_sitenote_note":"","_monsterinsights_sitenote_category":0,"footnotes":""},"categories":[7],"tags":[1735,1397,1906,774,449],"class_list":["post-5238","post","type-post","status-publish","format-standard","has-post-thumbnail","hentry","category-espectaculos","tag-camila-homs","tag-fashion","tag-ivana-figueras","tag-look","tag-moda"],"aioseo_notices":[],"amp_enabled":true,"_links":{"self":[{"href":"https:\/\/diariodigitalnea.com\/index.php\/wp-json\/wp\/v2\/posts\/5238","targetHints":{"allow":["GET"]}}],"collection":[{"href":"https:\/\/diariodigitalnea.com\/index.php\/wp-json\/wp\/v2\/posts"}],"about":[{"href":"https:\/\/diariodigitalnea.com\/index.php\/wp-json\/wp\/v2\/types\/post"}],"author":[{"embeddable":true,"href":"https:\/\/diariodigitalnea.com\/index.php\/wp-json\/wp\/v2\/users\/4"}],"replies":[{"embeddable":true,"href":"https:\/\/diariodigitalnea.com\/index.php\/wp-json\/wp\/v2\/comments?post=5238"}],"version-history":[{"count":4,"href":"https:\/\/diariodigitalnea.com\/index.php\/wp-json\/wp\/v2\/posts\/5238\/revisions"}],"predecessor-version":[{"id":5247,"href":"https:\/\/diariodigitalnea.com\/index.php\/wp-json\/wp\/v2\/posts\/5238\/revisions\/5247"}],"wp:featuredmedia":[{"embeddable":true,"href":"https:\/\/diariodigitalnea.com\/index.php\/wp-json\/wp\/v2\/media\/5242"}],"wp:attachment":[{"href":"https:\/\/diariodigitalnea.com\/index.php\/wp-json\/wp\/v2\/media?parent=5238"}],"wp:term":[{"taxonomy":"category","embeddable":true,"href":"https:\/\/diariodigitalnea.com\/index.php\/wp-json\/wp\/v2\/categories?post=5238"},{"taxonomy":"post_tag","embeddable":true,"href":"https:\/\/diariodigitalnea.com\/index.php\/wp-json\/wp\/v2\/tags?post=5238"}],"curies":[{"name":"wp","href":"https:\/\/api.w.org\/{rel}","templated":true}]}}