{"id":5225,"date":"2023-01-13T21:32:30","date_gmt":"2023-01-13T21:32:30","guid":{"rendered":"https:\/\/diariodigitalnea.com\/?p=5225"},"modified":"2023-01-13T21:32:31","modified_gmt":"2023-01-13T21:32:31","slug":"dakar-2022-los-pilotos-chaquenos-completaron-la-etapa-12","status":"publish","type":"post","link":"https:\/\/diariodigitalnea.com\/index.php\/2023\/01\/13\/dakar-2022-los-pilotos-chaquenos-completaron-la-etapa-12\/","title":{"rendered":"Dakar 2022: los pilotos chaque\u00f1os completaron la Etapa 12"},"content":{"rendered":"\n<p>Carlos Verza se mantiene en la octava posici\u00f3n de la general, entre los cuatriciclos, en tanto que el \u201cPato\u201d Silva descendi\u00f3 un lugar y est\u00e1 17\u00b0, en T4.<\/p>\n\n\n\n<p><br>Los pilotos chaque\u00f1os Carlos Verza y Juan Manuel \u201cPato\u201d Silva completaron la 12\u00ba etapa del Dakar 2022, \u00abla carrera m\u00e1s dif\u00edcil del mundo\u00bb, y dieron un paso m\u00e1s para llegar a la meta.<\/p>\n\n\n\n<figure class=\"wp-block-image size-large\"><img fetchpriority=\"high\" decoding=\"async\" width=\"1024\" height=\"589\" src=\"https:\/\/diariodigitalnea.com\/wp-content\/uploads\/2023\/01\/da1-1-1024x589.jpg\" alt=\"\" class=\"wp-image-5228\" srcset=\"https:\/\/diariodigitalnea.com\/wp-content\/uploads\/2023\/01\/da1-1-1024x589.jpg 1024w, https:\/\/diariodigitalnea.com\/wp-content\/uploads\/2023\/01\/da1-1-300x173.jpg 300w, https:\/\/diariodigitalnea.com\/wp-content\/uploads\/2023\/01\/da1-1-768x442.jpg 768w, https:\/\/diariodigitalnea.com\/wp-content\/uploads\/2023\/01\/da1-1.jpg 1300w\" sizes=\"(max-width: 1024px) 100vw, 1024px\" \/><\/figure>\n\n\n\n<p>Mientras que el saenzpe\u00f1ense, a bordo de su cuatriciclo Yamaha Raptor 700, redonde\u00f3 una buena actuaci\u00f3n que le permiti\u00f3 mantener su posici\u00f3n en la tabla general, el \u00abPato\u00bb descendi\u00f3 un puesto en la clasificaci\u00f3n global cuando restan s\u00f3lo dos etapas.<\/p>\n\n\n\n<figure class=\"wp-block-image size-large\"><img decoding=\"async\" width=\"1024\" height=\"682\" src=\"https:\/\/diariodigitalnea.com\/wp-content\/uploads\/2023\/01\/da2-1024x682.jpg\" alt=\"\" class=\"wp-image-5226\" srcset=\"https:\/\/diariodigitalnea.com\/wp-content\/uploads\/2023\/01\/da2-1024x682.jpg 1024w, https:\/\/diariodigitalnea.com\/wp-content\/uploads\/2023\/01\/da2-300x200.jpg 300w, https:\/\/diariodigitalnea.com\/wp-content\/uploads\/2023\/01\/da2-768x512.jpg 768w, https:\/\/diariodigitalnea.com\/wp-content\/uploads\/2023\/01\/da2-900x600.jpg 900w, https:\/\/diariodigitalnea.com\/wp-content\/uploads\/2023\/01\/da2.jpg 1300w\" sizes=\"(max-width: 1024px) 100vw, 1024px\" \/><\/figure>\n\n\n\n<p>Carlos Verza termin\u00f3 octavo en la etapa de este viernes, a poco m\u00e1s de una hora y 15 minutos del ganador Marcelo Medeiros (Brasil).<\/p>\n\n\n\n<p>Con este resultado, \u201cEl Yaguaret\u00e9\u201d se ubica en la octava posici\u00f3n de la general, a 23hs y 55min del l\u00edder Alexandre Giroud (Francia).<\/p>\n\n\n\n<p>Por su parte, Juan Manuel Silva, junto a su compa\u00f1ero Xavier Flick (Francia), concluy\u00f3 en el lugar n\u00famero 28 en la serie de este viernes a poco m\u00e1s de 45 minutos de los polacos Michal Goczal y Szymon Gospodarczyk.<\/p>\n\n\n\n<p>As\u00ed, el Pato, compite como Legend (un dakariano que ha participado en m\u00e1s de diez ediciones del Rally Dakar), qued\u00f3 en el 17\u00ba lugar de la clasificaci\u00f3n general (baj\u00f3 un lugar).<\/p>\n\n\n\n<figure class=\"wp-block-image size-full\"><img decoding=\"async\" width=\"1024\" height=\"375\" src=\"http:\/\/diariodigitalnea.com\/wp-content\/uploads\/2022\/10\/CONSTRUCAL-CON-FABRICA.jpg\" alt=\"\" class=\"wp-image-2241\" srcset=\"https:\/\/diariodigitalnea.com\/wp-content\/uploads\/2022\/10\/CONSTRUCAL-CON-FABRICA.jpg 1024w, https:\/\/diariodigitalnea.com\/wp-content\/uploads\/2022\/10\/CONSTRUCAL-CON-FABRICA-300x110.jpg 300w, https:\/\/diariodigitalnea.com\/wp-content\/uploads\/2022\/10\/CONSTRUCAL-CON-FABRICA-768x281.jpg 768w\" sizes=\"(max-width: 1024px) 100vw, 1024px\" \/><figcaption>Publicidad: ConstruCal Cales hidratas y vivas para uso vial y construcci\u00f3n TEL: 3624602737<\/figcaption><\/figure>\n","protected":false},"excerpt":{"rendered":"<p>Carlos Verza se mantiene en la octava posici\u00f3n de la general, entre los cuatriciclos, en tanto que el \u201cPato\u201d Silva descendi\u00f3 un lugar y est\u00e1 17\u00b0, en T4. Los pilotos chaque\u00f1os Carlos Verza y Juan Manuel \u201cPato\u201d Silva completaron la 12\u00ba etapa del Dakar 2022, \u00abla carrera m\u00e1s dif\u00edcil del mundo\u00bb, y dieron un paso [&hellip;]<\/p>\n","protected":false},"author":4,"featured_media":5229,"comment_status":"closed","ping_status":"closed","sticky":false,"template":"","format":"standard","meta":{"om_disable_all_campaigns":false,"_monsterinsights_skip_tracking":false,"_monsterinsights_sitenote_active":false,"_monsterinsights_sitenote_note":"","_monsterinsights_sitenote_category":0,"footnotes":""},"categories":[6,9],"tags":[1752,1903,1902],"class_list":["post-5225","post","type-post","status-publish","format-standard","has-post-thumbnail","hentry","category-deporte","category-internacionales","tag-dakar2023","tag-silva","tag-versa"],"aioseo_notices":[],"amp_enabled":true,"_links":{"self":[{"href":"https:\/\/diariodigitalnea.com\/index.php\/wp-json\/wp\/v2\/posts\/5225","targetHints":{"allow":["GET"]}}],"collection":[{"href":"https:\/\/diariodigitalnea.com\/index.php\/wp-json\/wp\/v2\/posts"}],"about":[{"href":"https:\/\/diariodigitalnea.com\/index.php\/wp-json\/wp\/v2\/types\/post"}],"author":[{"embeddable":true,"href":"https:\/\/diariodigitalnea.com\/index.php\/wp-json\/wp\/v2\/users\/4"}],"replies":[{"embeddable":true,"href":"https:\/\/diariodigitalnea.com\/index.php\/wp-json\/wp\/v2\/comments?post=5225"}],"version-history":[{"count":1,"href":"https:\/\/diariodigitalnea.com\/index.php\/wp-json\/wp\/v2\/posts\/5225\/revisions"}],"predecessor-version":[{"id":5230,"href":"https:\/\/diariodigitalnea.com\/index.php\/wp-json\/wp\/v2\/posts\/5225\/revisions\/5230"}],"wp:featuredmedia":[{"embeddable":true,"href":"https:\/\/diariodigitalnea.com\/index.php\/wp-json\/wp\/v2\/media\/5229"}],"wp:attachment":[{"href":"https:\/\/diariodigitalnea.com\/index.php\/wp-json\/wp\/v2\/media?parent=5225"}],"wp:term":[{"taxonomy":"category","embeddable":true,"href":"https:\/\/diariodigitalnea.com\/index.php\/wp-json\/wp\/v2\/categories?post=5225"},{"taxonomy":"post_tag","embeddable":true,"href":"https:\/\/diariodigitalnea.com\/index.php\/wp-json\/wp\/v2\/tags?post=5225"}],"curies":[{"name":"wp","href":"https:\/\/api.w.org\/{rel}","templated":true}]}}