{"id":5157,"date":"2023-01-11T05:01:38","date_gmt":"2023-01-11T05:01:38","guid":{"rendered":"https:\/\/diariodigitalnea.com\/?p=5157"},"modified":"2023-01-11T05:07:33","modified_gmt":"2023-01-11T05:07:33","slug":"mercosur-la-participacion-en-el-comercio-exterior-argentino-es-la-mas-baja-en-30-anos","status":"publish","type":"post","link":"https:\/\/diariodigitalnea.com\/index.php\/2023\/01\/11\/mercosur-la-participacion-en-el-comercio-exterior-argentino-es-la-mas-baja-en-30-anos\/","title":{"rendered":"Mercosur: la participaci\u00f3n en el comercio exterior argentino es la m\u00e1s baja en 30 a\u00f1os"},"content":{"rendered":"\n<p>El a\u00f1o pasado, la participaci\u00f3n del Bloque en el comercio exterior nacional cay\u00f3 un tercio de lo que era en 1997, a\u00f1o que toc\u00f3 su m\u00e1ximo de 30,3%.<\/p>\n\n\n\n<p>En 2022, la participaci\u00f3n del Mercosur (MCS en adelante) en el comercio internacional argentino anot\u00f3 su tercer a\u00f1o consecutivo de ca\u00edda, y represent\u00f3 20,5% del total.<\/p>\n\n\n\n<p>En el acumulado enero-noviembre de ese a\u00f1o, la suma de las exportaciones e importaciones argentinas al MCS lleg\u00f3 a US$ 32.517 millones sobre un total comerciado con el mundo de US$ 158.786 millones. El m\u00e1ximo nivel hist\u00f3rico fue en 1997 cuando represent\u00f3 el 30,3% de los totales exportados e importados.<\/p>\n\n\n\n<p>Esta es la participaci\u00f3n m\u00e1s peque\u00f1a del bloque en el comercio nacional desde 1991, cuando fue de 18,3%. Desde la firma del Tratado de Asunci\u00f3n, en promedio el bloque represent\u00f3 25,6% del comercio argentino. La informaci\u00f3n se desprende de un informe de la Fundaci\u00f3n Libertad y Progreso.<\/p>\n\n\n\n<p>Incluso en t\u00e9rminos nominales, el intercambio comercial acumulado en los primeros once meses de 2022 (US$ 32.517 millones) est\u00e1 23% por debajo del registrado en el mismo per\u00edodo de 2011 (US$ 42.344 millones).<\/p>\n\n\n\n<figure class=\"wp-block-image size-large\"><img fetchpriority=\"high\" decoding=\"async\" width=\"1024\" height=\"574\" src=\"http:\/\/diariodigitalnea.com\/wp-content\/uploads\/2023\/01\/comercio3-1024x574.jpg\" alt=\"\" class=\"wp-image-5162\" srcset=\"https:\/\/diariodigitalnea.com\/wp-content\/uploads\/2023\/01\/comercio3-1024x574.jpg 1024w, https:\/\/diariodigitalnea.com\/wp-content\/uploads\/2023\/01\/comercio3-300x168.jpg 300w, https:\/\/diariodigitalnea.com\/wp-content\/uploads\/2023\/01\/comercio3-768x431.jpg 768w, https:\/\/diariodigitalnea.com\/wp-content\/uploads\/2023\/01\/comercio3.jpg 1134w\" sizes=\"(max-width: 1024px) 100vw, 1024px\" \/><\/figure>\n\n\n\n<h2 class=\"wp-block-heading\">\u00bfC\u00f3mo se explica que el Mercosur tenga un comercio tan limitado?<\/h2>\n\n\n\n<p>\u201cEl Mercosur est\u00e1 entre los bloques econ\u00f3micos m\u00e1s cerrados al comercio. Pero no solo respecto al resto del mundo, sino tambi\u00e9n en lo que hace al comercio interno. Esto ha llevado a que sea cada vez menos relevante para el comercio de los pa\u00edses que lo integran. Para Brasil el Mercosur pas\u00f3 de representar casi 20% del comercio a menos del 9%; para Uruguay de m\u00e1s del 50% alrededor del 25%; y para Paraguay de casi el 90% alrededor del 40%\u201d, coment\u00f3 Eugenio Mar\u00ed, Economista Jefe de la Fundaci\u00f3n Libertad y Progreso.<\/p>\n\n\n\n<p>Hoy el Mercosur no cumple con la definici\u00f3n de mercado com\u00fan, sostienen desde la Fundaci\u00f3n, si bien con su creaci\u00f3n en 1991 se aspir\u00f3 a alcanzar el libre tr\u00e1nsito de bienes, personas y factores productivos, la realidad es que el comercio sigue ampliamente regulado y restringido.<\/p>\n\n\n\n<p>En ese contexto, el documento advierte que abundan las barreras paraarancelarias, las aduanas y controles evitan el libre movimiento entre pa\u00edses, las regulaciones entre los pa\u00edses miembro no est\u00e1n armonizadas, las pol\u00edticas econ\u00f3micas no est\u00e1n coordinadas; y varios sectores productivos, incluyendo el automotor, quedaron directamente por fuera.<\/p>\n\n\n\n<p>\u201cAnte la falta de avances conjuntos, en los \u00faltimos a\u00f1os varios pa\u00edses han apostado por la v\u00eda unilateral. As\u00ed lo hizo Brasil bajando aranceles y tambi\u00e9n Uruguay lanzando el di\u00e1logo para alcanzar un tratado de libre comercio con China. Estas son se\u00f1ales de que hay que empezar a tomar medidas concretas para hacer que el Mercosur se convierta en una verdadera plataforma de integraci\u00f3n o, de lo contrario, arriesgar su ruptura\u201d, agreg\u00f3 Mar\u00ed.<\/p>\n\n\n\n<h2 class=\"wp-block-heading\">De los peores momentos del Bloque<\/h2>\n\n\n\n<p>\u201cNo es de extra\u00f1ar que estemos en los peores momentos con el Mercosur. Este Gobierno tiene una impronta proteccionista. Se nota en las restricciones para que el Mercosur se integre al mundo y con las trabas comerciales que le impone al resto de los pa\u00edses que lo integran\u201d, coment\u00f3 por su parte Aldo Abram, Director en la Fundaci\u00f3n.<\/p>\n\n\n\n<p>El economista adem\u00e1s analiza que esta situaci\u00f3n se agrava por los controles cambiarios: \u201cEl cepo provoca cada vez mayor escasez de divisas en el mercado oficial de d\u00f3lares, esto implica que se restringe la venta de divisas a aquellos que quieren importar bienes de pa\u00edses del Mercosur\u201d, concluy\u00f3.<\/p>\n\n\n\n<figure class=\"wp-block-image size-full\"><img decoding=\"async\" width=\"1024\" height=\"375\" src=\"http:\/\/diariodigitalnea.com\/wp-content\/uploads\/2022\/10\/CONSTRUCAL-CON-FABRICA.jpg\" alt=\"\" class=\"wp-image-2241\" srcset=\"https:\/\/diariodigitalnea.com\/wp-content\/uploads\/2022\/10\/CONSTRUCAL-CON-FABRICA.jpg 1024w, https:\/\/diariodigitalnea.com\/wp-content\/uploads\/2022\/10\/CONSTRUCAL-CON-FABRICA-300x110.jpg 300w, https:\/\/diariodigitalnea.com\/wp-content\/uploads\/2022\/10\/CONSTRUCAL-CON-FABRICA-768x281.jpg 768w\" sizes=\"(max-width: 1024px) 100vw, 1024px\" \/><figcaption>Publicidad: ConstruCal Cales hidratas y vivas para uso vial y construcci\u00f3n TEL: 3624602737<\/figcaption><\/figure>\n","protected":false},"excerpt":{"rendered":"<p>El a\u00f1o pasado, la participaci\u00f3n del Bloque en el comercio exterior nacional cay\u00f3 un tercio de lo que era en 1997, a\u00f1o que toc\u00f3 su m\u00e1ximo de 30,3%. En 2022, la participaci\u00f3n del Mercosur (MCS en adelante) en el comercio internacional argentino anot\u00f3 su tercer a\u00f1o consecutivo de ca\u00edda, y represent\u00f3 20,5% del total. En [&hellip;]<\/p>\n","protected":false},"author":3,"featured_media":5158,"comment_status":"closed","ping_status":"closed","sticky":false,"template":"","format":"standard","meta":{"om_disable_all_campaigns":false,"_monsterinsights_skip_tracking":false,"_monsterinsights_sitenote_active":false,"_monsterinsights_sitenote_note":"","_monsterinsights_sitenote_category":0,"footnotes":""},"categories":[5,90],"tags":[1869,89,145,1868],"class_list":["post-5157","post","type-post","status-publish","format-standard","has-post-thumbnail","hentry","category-economia","category-nacionales","tag-comercio-exterior","tag-economia","tag-exportaciones","tag-mercosur"],"aioseo_notices":[],"amp_enabled":true,"_links":{"self":[{"href":"https:\/\/diariodigitalnea.com\/index.php\/wp-json\/wp\/v2\/posts\/5157","targetHints":{"allow":["GET"]}}],"collection":[{"href":"https:\/\/diariodigitalnea.com\/index.php\/wp-json\/wp\/v2\/posts"}],"about":[{"href":"https:\/\/diariodigitalnea.com\/index.php\/wp-json\/wp\/v2\/types\/post"}],"author":[{"embeddable":true,"href":"https:\/\/diariodigitalnea.com\/index.php\/wp-json\/wp\/v2\/users\/3"}],"replies":[{"embeddable":true,"href":"https:\/\/diariodigitalnea.com\/index.php\/wp-json\/wp\/v2\/comments?post=5157"}],"version-history":[{"count":2,"href":"https:\/\/diariodigitalnea.com\/index.php\/wp-json\/wp\/v2\/posts\/5157\/revisions"}],"predecessor-version":[{"id":5163,"href":"https:\/\/diariodigitalnea.com\/index.php\/wp-json\/wp\/v2\/posts\/5157\/revisions\/5163"}],"wp:featuredmedia":[{"embeddable":true,"href":"https:\/\/diariodigitalnea.com\/index.php\/wp-json\/wp\/v2\/media\/5158"}],"wp:attachment":[{"href":"https:\/\/diariodigitalnea.com\/index.php\/wp-json\/wp\/v2\/media?parent=5157"}],"wp:term":[{"taxonomy":"category","embeddable":true,"href":"https:\/\/diariodigitalnea.com\/index.php\/wp-json\/wp\/v2\/categories?post=5157"},{"taxonomy":"post_tag","embeddable":true,"href":"https:\/\/diariodigitalnea.com\/index.php\/wp-json\/wp\/v2\/tags?post=5157"}],"curies":[{"name":"wp","href":"https:\/\/api.w.org\/{rel}","templated":true}]}}