{"id":5113,"date":"2023-01-10T01:10:13","date_gmt":"2023-01-10T01:10:13","guid":{"rendered":"https:\/\/diariodigitalnea.com\/?p=5113"},"modified":"2023-01-10T01:10:14","modified_gmt":"2023-01-10T01:10:14","slug":"el-argentino-franco-colapinto-se-sumara-a-la-academia-de-pilotos-de-williams","status":"publish","type":"post","link":"https:\/\/diariodigitalnea.com\/index.php\/2023\/01\/10\/el-argentino-franco-colapinto-se-sumara-a-la-academia-de-pilotos-de-williams\/","title":{"rendered":"El argentino Franco Colapinto se sumar\u00e1 a la Academia de pilotos de Williams"},"content":{"rendered":"\n<p>De esta manera da un gran paso hacia la Formula 1, tras una gran temporada en que se clasific\u00f3 noveno en la Formula 3.<\/p>\n\n\n\n<p>Buenos Aires, 9 (NA) &#8211; El piloto argentino de 19 a\u00f1os Franco Colapinto confirm\u00f3 que se sumar\u00e1 a la Academia de pilotos de la escuder\u00eda Williams y, adem\u00e1s, anunci\u00f3 que continuar\u00e1 compitiendo este a\u00f1o en la Formula 3 como integrante del equipo MP Motorsport.<\/p>\n\n\n\n<p>Luego de la gran temporada que tuvo en la Formula 3 con el equipo Van Ameersfoort Racing obteniendo el noveno lugar en la tabla de pilotos, el oriundo de Pilar pasar\u00e1 a formar parte de la Academia de pilotos de la escuder\u00eda Williams dando un gran paso en su carrera hacia la Formula 1.<\/p>\n\n\n\n<figure class=\"wp-block-image size-large\"><img fetchpriority=\"high\" decoding=\"async\" width=\"1024\" height=\"705\" src=\"https:\/\/diariodigitalnea.com\/wp-content\/uploads\/2023\/01\/scalo-1024x705.jpg\" alt=\"\" class=\"wp-image-5115\" srcset=\"https:\/\/diariodigitalnea.com\/wp-content\/uploads\/2023\/01\/scalo-1024x705.jpg 1024w, https:\/\/diariodigitalnea.com\/wp-content\/uploads\/2023\/01\/scalo-300x207.jpg 300w, https:\/\/diariodigitalnea.com\/wp-content\/uploads\/2023\/01\/scalo-768x529.jpg 768w, https:\/\/diariodigitalnea.com\/wp-content\/uploads\/2023\/01\/scalo.jpg 1300w\" sizes=\"(max-width: 1024px) 100vw, 1024px\" \/><\/figure>\n\n\n\n<p>As\u00ed mismo, Colapinto tambi\u00e9n comunic\u00f3 que competir\u00e1 un a\u00f1o m\u00e1s en la F\u00f3rmula 3 como integrante del equipo MP Motorsport que le ofreci\u00f3 un contrato de dos temporadas siendo la primera en la categor\u00eda que se encuentra actualmente el argentino y, la segunda, con la chance de ser promovido a la Formula 2 sujeto a buenos rendimientos.<\/p>\n\n\n\n<p>En este 2023, el piloto buscar\u00e1 dar el golpe en la categor\u00eda junto con uno de los equipos m\u00e1s competitivos de la misma y, para ello, contar\u00e1 con tres pruebas oficiales que ser\u00e1n en Sakhir en Bahr\u00e9in (14 al 16 de febrero), Barcelona en Espa\u00f1a (13 y 14 de abril) y en Imola, Italia (18 y 19 de abril).<\/p>\n\n\n\n<p>No ser\u00e1 la primera vez que Colapinto maneje para el equipo MP Motorsport, ya que con ellos supo salir tercero en el campeonato de F\u00f3rmula Renault Europea 2020 y donde gan\u00f3 dos carreras en la F\u00f3rmula Regional Europea durante 2021.<\/p>\n\n\n\n<figure class=\"wp-block-image size-full\"><img decoding=\"async\" width=\"1024\" height=\"375\" src=\"http:\/\/diariodigitalnea.com\/wp-content\/uploads\/2022\/10\/CONSTRUCAL-CON-FABRICA.jpg\" alt=\"\" class=\"wp-image-2241\" srcset=\"https:\/\/diariodigitalnea.com\/wp-content\/uploads\/2022\/10\/CONSTRUCAL-CON-FABRICA.jpg 1024w, https:\/\/diariodigitalnea.com\/wp-content\/uploads\/2022\/10\/CONSTRUCAL-CON-FABRICA-300x110.jpg 300w, https:\/\/diariodigitalnea.com\/wp-content\/uploads\/2022\/10\/CONSTRUCAL-CON-FABRICA-768x281.jpg 768w\" sizes=\"(max-width: 1024px) 100vw, 1024px\" \/><figcaption>Publicidad: ConstruCal Cales hidratas y vivas para uso vial y construcci\u00f3n TEL: 3624602737<\/figcaption><\/figure>\n","protected":false},"excerpt":{"rendered":"<p>De esta manera da un gran paso hacia la Formula 1, tras una gran temporada en que se clasific\u00f3 noveno en la Formula 3. Buenos Aires, 9 (NA) &#8211; El piloto argentino de 19 a\u00f1os Franco Colapinto confirm\u00f3 que se sumar\u00e1 a la Academia de pilotos de la escuder\u00eda Williams y, adem\u00e1s, anunci\u00f3 que continuar\u00e1 [&hellip;]<\/p>\n","protected":false},"author":4,"featured_media":5114,"comment_status":"closed","ping_status":"closed","sticky":false,"template":"","format":"standard","meta":{"om_disable_all_campaigns":false,"_monsterinsights_skip_tracking":false,"_monsterinsights_sitenote_active":false,"_monsterinsights_sitenote_note":"","_monsterinsights_sitenote_category":0,"footnotes":""},"categories":[6,9],"tags":[1848,1849,1850],"class_list":["post-5113","post","type-post","status-publish","format-standard","has-post-thumbnail","hentry","category-deporte","category-internacionales","tag-colapino-franco","tag-formula1","tag-williams"],"aioseo_notices":[],"amp_enabled":true,"_links":{"self":[{"href":"https:\/\/diariodigitalnea.com\/index.php\/wp-json\/wp\/v2\/posts\/5113","targetHints":{"allow":["GET"]}}],"collection":[{"href":"https:\/\/diariodigitalnea.com\/index.php\/wp-json\/wp\/v2\/posts"}],"about":[{"href":"https:\/\/diariodigitalnea.com\/index.php\/wp-json\/wp\/v2\/types\/post"}],"author":[{"embeddable":true,"href":"https:\/\/diariodigitalnea.com\/index.php\/wp-json\/wp\/v2\/users\/4"}],"replies":[{"embeddable":true,"href":"https:\/\/diariodigitalnea.com\/index.php\/wp-json\/wp\/v2\/comments?post=5113"}],"version-history":[{"count":1,"href":"https:\/\/diariodigitalnea.com\/index.php\/wp-json\/wp\/v2\/posts\/5113\/revisions"}],"predecessor-version":[{"id":5116,"href":"https:\/\/diariodigitalnea.com\/index.php\/wp-json\/wp\/v2\/posts\/5113\/revisions\/5116"}],"wp:featuredmedia":[{"embeddable":true,"href":"https:\/\/diariodigitalnea.com\/index.php\/wp-json\/wp\/v2\/media\/5114"}],"wp:attachment":[{"href":"https:\/\/diariodigitalnea.com\/index.php\/wp-json\/wp\/v2\/media?parent=5113"}],"wp:term":[{"taxonomy":"category","embeddable":true,"href":"https:\/\/diariodigitalnea.com\/index.php\/wp-json\/wp\/v2\/categories?post=5113"},{"taxonomy":"post_tag","embeddable":true,"href":"https:\/\/diariodigitalnea.com\/index.php\/wp-json\/wp\/v2\/tags?post=5113"}],"curies":[{"name":"wp","href":"https:\/\/api.w.org\/{rel}","templated":true}]}}