{"id":5048,"date":"2023-01-06T23:54:36","date_gmt":"2023-01-06T23:54:36","guid":{"rendered":"https:\/\/diariodigitalnea.com\/?p=5048"},"modified":"2023-01-06T23:54:37","modified_gmt":"2023-01-06T23:54:37","slug":"el-conmovedor-mensaje-de-la-madre-de-marcos-misiaszek-a-los-padres-de-fernando-baez-sosa","status":"publish","type":"post","link":"https:\/\/diariodigitalnea.com\/index.php\/2023\/01\/06\/el-conmovedor-mensaje-de-la-madre-de-marcos-misiaszek-a-los-padres-de-fernando-baez-sosa\/","title":{"rendered":"El conmovedor mensaje de la madre de Marcos Misiaszek a los padres de Fernando B\u00e1ez Sosa"},"content":{"rendered":"\n<p>Este viernes se lleva adelante la quinta audiencia del juicio por el crimen de Fernando B\u00e1ez Sosa, el joven estudiante de derecho asesinado a golpes en enero de 2020 a la salida del boliche Le Brique en Villa Gesell. En ese marco, Marta Pi\u00f1ero, madre de Marcos Misiaszek, les dej\u00f3 un mensaje de contenci\u00f3n ante la traumatica reconstrucci\u00f3n del ataque de los rugbiers durante las audiencias.<\/p>\n\n\n\n<p><\/p>\n\n\n\n<p>Marta, madre del periodista, m\u00fasico y escritor que fue asesinado en un hecho de inseguridad el pasado 7 de marzo de 2020 -pocas semanas despu\u00e9s del crimen de Marcos-, expres\u00f3: \u00abA la mam\u00e1 y el pap\u00e1 de Fernando B\u00e1ez Sosa, su \u00fanico hijo, mucha fuerza, cu\u00eddense y sobre todo ap\u00f3yense en sus seres queridos. Uno se sorprende cuando se encuentra con personas que no imaginaban que los iban a contener y a entender\u00bb.<br>\u00abDespu\u00e9s del juicio y las condenas los sentimientos y las emociones son a\u00fan m\u00e1s intensos\u00bb, a\u00f1adi\u00f3 la mujer que se sum\u00f3 al pedido de Justicia para Fernando y que la condena contra sus atacantes sea perpetua.<\/p>\n\n\n\n<figure class=\"wp-block-image size-large\"><img fetchpriority=\"high\" decoding=\"async\" width=\"1024\" height=\"596\" src=\"https:\/\/diariodigitalnea.com\/wp-content\/uploads\/2023\/01\/marc3-1024x596.jpg\" alt=\"\" class=\"wp-image-5049\" srcset=\"https:\/\/diariodigitalnea.com\/wp-content\/uploads\/2023\/01\/marc3-1024x596.jpg 1024w, https:\/\/diariodigitalnea.com\/wp-content\/uploads\/2023\/01\/marc3-300x175.jpg 300w, https:\/\/diariodigitalnea.com\/wp-content\/uploads\/2023\/01\/marc3-768x447.jpg 768w, https:\/\/diariodigitalnea.com\/wp-content\/uploads\/2023\/01\/marc3.jpg 1075w\" sizes=\"(max-width: 1024px) 100vw, 1024px\" \/><\/figure>\n\n\n\n<p>Misiaszek era periodista, daba clases universitarias y ten\u00eda su propio blog \u00abBajo la Lupa\u00bb, all\u00ed volcaba art\u00edculos e informes del tipo de periodismo que m\u00e1s le gustaba y en el que se destacaba: el policial. Su muerte -asesinato- termin\u00f3 siendo, parad\u00f3jicamente, un hecho policial que puso en discusi\u00f3n las pol\u00edticas de seguridad que despliega el Gobierno para frenar la violencia y la delincuencia.<br>El joven, de apenas 31 a\u00f1os, fue abordado en la madrugada del s\u00e1bado 7 de marzo de 2020 en la avenida San Mart\u00edn al 2500 aproximadamente, por dos sujetos que intentaron sustraerle la motocicleta dispar\u00e1ndole varias veces. Dos de los proyectiles impactaron en su abdomen.<\/p>\n\n\n\n<figure class=\"wp-block-image size-large\"><img decoding=\"async\" width=\"1024\" height=\"635\" src=\"https:\/\/diariodigitalnea.com\/wp-content\/uploads\/2023\/01\/marc2-1024x635.jpg\" alt=\"\" class=\"wp-image-5050\" srcset=\"https:\/\/diariodigitalnea.com\/wp-content\/uploads\/2023\/01\/marc2-1024x635.jpg 1024w, https:\/\/diariodigitalnea.com\/wp-content\/uploads\/2023\/01\/marc2-300x186.jpg 300w, https:\/\/diariodigitalnea.com\/wp-content\/uploads\/2023\/01\/marc2-768x476.jpg 768w, https:\/\/diariodigitalnea.com\/wp-content\/uploads\/2023\/01\/marc2.jpg 1037w\" sizes=\"(max-width: 1024px) 100vw, 1024px\" \/><\/figure>\n\n\n\n<p>En el lugar fue asistido por sus propios padres, que lo trasladaron al Hospital Perrando, donde el m\u00e9dico de turno le diagnostic\u00f3 \u00abherida de arma de fuego en el abdomen con orificio de entrada y de salida\u00bb. A las 21.50 del mismo d\u00eda, en la unidad de terapia intensiva del Hospital Perrrando, muri\u00f3 por un shock hipovol\u00e9mico refactorio.<br>En abril de 2022, luego de tres jornadas de juicio, el jurado popular encontr\u00f3 culpables a Fabricio Ricardo Fern\u00e1ndez y German Alberto Ayala por el delito de robo a mano armada y homicidio criminis causa, es decir que mataron para tapar que hab\u00edan cometido un robo, delito que contempla la pena de prisi\u00f3n perpetua.<\/p>\n\n\n\n<figure class=\"wp-block-image size-full\"><img decoding=\"async\" width=\"1024\" height=\"375\" src=\"http:\/\/diariodigitalnea.com\/wp-content\/uploads\/2022\/10\/CONSTRUCAL-CON-FABRICA.jpg\" alt=\"\" class=\"wp-image-2241\" srcset=\"https:\/\/diariodigitalnea.com\/wp-content\/uploads\/2022\/10\/CONSTRUCAL-CON-FABRICA.jpg 1024w, https:\/\/diariodigitalnea.com\/wp-content\/uploads\/2022\/10\/CONSTRUCAL-CON-FABRICA-300x110.jpg 300w, https:\/\/diariodigitalnea.com\/wp-content\/uploads\/2022\/10\/CONSTRUCAL-CON-FABRICA-768x281.jpg 768w\" sizes=\"(max-width: 1024px) 100vw, 1024px\" \/><figcaption>Publicidad: ConstruCal Cales hidratas y vivas para uso vial y construcci\u00f3n TEL: 3624602737<\/figcaption><\/figure>\n","protected":false},"excerpt":{"rendered":"<p>Este viernes se lleva adelante la quinta audiencia del juicio por el crimen de Fernando B\u00e1ez Sosa, el joven estudiante de derecho asesinado a golpes en enero de 2020 a la salida del boliche Le Brique en Villa Gesell. En ese marco, Marta Pi\u00f1ero, madre de Marcos Misiaszek, les dej\u00f3 un mensaje de contenci\u00f3n ante [&hellip;]<\/p>\n","protected":false},"author":4,"featured_media":5051,"comment_status":"closed","ping_status":"closed","sticky":false,"template":"","format":"standard","meta":{"om_disable_all_campaigns":false,"_monsterinsights_skip_tracking":false,"_monsterinsights_sitenote_active":false,"_monsterinsights_sitenote_note":"","_monsterinsights_sitenote_category":0,"footnotes":""},"categories":[95,90,52],"tags":[1215,1827,1826],"class_list":["post-5048","post","type-post","status-publish","format-standard","has-post-thumbnail","hentry","category-informacion-general","category-nacionales","category-policiales","tag-asesinato","tag-fernandez-baez-sosa","tag-misiaszek"],"aioseo_notices":[],"amp_enabled":true,"_links":{"self":[{"href":"https:\/\/diariodigitalnea.com\/index.php\/wp-json\/wp\/v2\/posts\/5048","targetHints":{"allow":["GET"]}}],"collection":[{"href":"https:\/\/diariodigitalnea.com\/index.php\/wp-json\/wp\/v2\/posts"}],"about":[{"href":"https:\/\/diariodigitalnea.com\/index.php\/wp-json\/wp\/v2\/types\/post"}],"author":[{"embeddable":true,"href":"https:\/\/diariodigitalnea.com\/index.php\/wp-json\/wp\/v2\/users\/4"}],"replies":[{"embeddable":true,"href":"https:\/\/diariodigitalnea.com\/index.php\/wp-json\/wp\/v2\/comments?post=5048"}],"version-history":[{"count":1,"href":"https:\/\/diariodigitalnea.com\/index.php\/wp-json\/wp\/v2\/posts\/5048\/revisions"}],"predecessor-version":[{"id":5052,"href":"https:\/\/diariodigitalnea.com\/index.php\/wp-json\/wp\/v2\/posts\/5048\/revisions\/5052"}],"wp:featuredmedia":[{"embeddable":true,"href":"https:\/\/diariodigitalnea.com\/index.php\/wp-json\/wp\/v2\/media\/5051"}],"wp:attachment":[{"href":"https:\/\/diariodigitalnea.com\/index.php\/wp-json\/wp\/v2\/media?parent=5048"}],"wp:term":[{"taxonomy":"category","embeddable":true,"href":"https:\/\/diariodigitalnea.com\/index.php\/wp-json\/wp\/v2\/categories?post=5048"},{"taxonomy":"post_tag","embeddable":true,"href":"https:\/\/diariodigitalnea.com\/index.php\/wp-json\/wp\/v2\/tags?post=5048"}],"curies":[{"name":"wp","href":"https:\/\/api.w.org\/{rel}","templated":true}]}}