{"id":4998,"date":"2023-01-05T14:37:38","date_gmt":"2023-01-05T14:37:38","guid":{"rendered":"https:\/\/diariodigitalnea.com\/?p=4998"},"modified":"2023-01-05T14:37:39","modified_gmt":"2023-01-05T14:37:39","slug":"buscan-voluntarios-para-trabajar-en-el-ibera","status":"publish","type":"post","link":"https:\/\/diariodigitalnea.com\/index.php\/2023\/01\/05\/buscan-voluntarios-para-trabajar-en-el-ibera\/","title":{"rendered":"Buscan voluntarios para trabajar en el Iber\u00e1"},"content":{"rendered":"\n<p>Desde el municipio de Colonia Pellegrini, localidad ubicada en el centro de Corrientes, a orillas de la Laguna Ibera y en el coraz\u00f3n de los Esteros del Ibera, a 120kmts de Mercedes y a 200kmts. de Posadas alentaron a todos los voluntarios que quieran trabajar all\u00ed durante este verano 2023.<\/p>\n\n\n\n<p>La convocatoria est\u00e1 abierta para recibir a personas que quieran transmitir sus conocimientos y contribuyan a desarrollar el esp\u00edritu art\u00edstico, mejorar pr\u00e1cticas o generar nuevas habilidades o emprendimientos. Ofrecen alojamiento y comida.<\/p>\n\n\n\n<figure class=\"wp-block-image size-large\"><img fetchpriority=\"high\" decoding=\"async\" width=\"1024\" height=\"679\" src=\"http:\/\/diariodigitalnea.com\/wp-content\/uploads\/2023\/01\/colonia1-1024x679.jpg\" alt=\"\" class=\"wp-image-4999\" srcset=\"https:\/\/diariodigitalnea.com\/wp-content\/uploads\/2023\/01\/colonia1-1024x679.jpg 1024w, https:\/\/diariodigitalnea.com\/wp-content\/uploads\/2023\/01\/colonia1-300x199.jpg 300w, https:\/\/diariodigitalnea.com\/wp-content\/uploads\/2023\/01\/colonia1-768x509.jpg 768w, https:\/\/diariodigitalnea.com\/wp-content\/uploads\/2023\/01\/colonia1-1536x1018.jpg 1536w, https:\/\/diariodigitalnea.com\/wp-content\/uploads\/2023\/01\/colonia1.jpg 1920w\" sizes=\"(max-width: 1024px) 100vw, 1024px\" \/><\/figure>\n\n\n\n<p>Contin\u00faa abierta la convocatoria para <strong>ser voluntarios durante la temporada de verano en Colonia Pellegrini.<\/strong><\/p>\n\n\n\n<p>Seg\u00fan detallaron, buscan personas que quieran transmitir sus conocimientos y contribuyan a desarrollar el esp\u00edritu art\u00edstico, mejorar pr\u00e1cticas o generar nuevas habilidades o emprendimientos. Ofrecen alojamiento y comida.<\/p>\n\n\n\n<p>Los interesados deber\u00e1n enviar su propuesta y curr\u00edculum a viceintendente.pellegrini@gmail.com, con copia a hosteria.arandu.ibera@gmail.com indicando en el asunto: \u00abVOLUNTARIADO CCP 2023\u00bb.<\/p>\n\n\n\n<figure class=\"wp-block-image size-full\"><img decoding=\"async\" width=\"1024\" height=\"768\" src=\"http:\/\/diariodigitalnea.com\/wp-content\/uploads\/2023\/01\/colonia3.jpg\" alt=\"\" class=\"wp-image-5001\" srcset=\"https:\/\/diariodigitalnea.com\/wp-content\/uploads\/2023\/01\/colonia3.jpg 1024w, https:\/\/diariodigitalnea.com\/wp-content\/uploads\/2023\/01\/colonia3-300x225.jpg 300w, https:\/\/diariodigitalnea.com\/wp-content\/uploads\/2023\/01\/colonia3-768x576.jpg 768w\" sizes=\"(max-width: 1024px) 100vw, 1024px\" \/><\/figure>\n\n\n\n<h3 class=\"wp-block-heading\">Indicaciones para el correo<\/h3>\n\n\n\n<p>Tem\u00e1tica del voluntariado, p\u00fablico destinatario, materiales e infraestructura necesaria para desarrollar las actividades, tiempo (horas\/d\u00edas) a llevar a cabo el curso\/taller\/intervenci\u00f3n (hay algunos que ser\u00e1n solo un par de d\u00edas y otros que se extender\u00e1n a una o dos semanas).<\/p>\n\n\n\n<p>Agregar cualquier otro comentario que ayude a definir los alcances y requerimientos de la propuesta.<\/p>\n\n\n\n<figure class=\"wp-block-image size-large\"><img decoding=\"async\" width=\"1024\" height=\"577\" src=\"http:\/\/diariodigitalnea.com\/wp-content\/uploads\/2023\/01\/colonia2-1024x577.jpg\" alt=\"\" class=\"wp-image-5000\" srcset=\"https:\/\/diariodigitalnea.com\/wp-content\/uploads\/2023\/01\/colonia2-1024x577.jpg 1024w, https:\/\/diariodigitalnea.com\/wp-content\/uploads\/2023\/01\/colonia2-300x169.jpg 300w, https:\/\/diariodigitalnea.com\/wp-content\/uploads\/2023\/01\/colonia2-768x432.jpg 768w, https:\/\/diariodigitalnea.com\/wp-content\/uploads\/2023\/01\/colonia2.jpg 1300w\" sizes=\"(max-width: 1024px) 100vw, 1024px\" \/><\/figure>\n\n\n\n<h3 class=\"wp-block-heading\">Qu\u00e9 buscan<\/h3>\n\n\n\n<p><strong>Personas que quieran transmitir sus conocimientos y contribuyan a:<\/strong><\/p>\n\n\n\n<ul class=\"wp-block-list\"><li>Desarrollar el esp\u00edritu art\u00edstico,<\/li><li>Mejorar pr\u00e1cticas o generar nuevas habilidades o<\/li><li>Generar nuevos emprendimientos.<\/li><\/ul>\n\n\n\n<p><br><strong>Ejemplos:<\/strong> marketing y redes sociales (empresarial y\/o tur\u00edstico), fotograf\u00eda, producci\u00f3n audiovisual, coaching ontol\u00f3gico, yoga\/meditaci\u00f3n, encuadernaci\u00f3n r\u00fastica, tejidos, computaci\u00f3n, lenguaje de se\u00f1as, salud alimenticia, cocina, primeros auxilios, pintura, mosaiquismo, cer\u00e1mica, artesan\u00eda guaran\u00ed, etc\u00e9tera.&nbsp;<\/p>\n\n\n\n<h3 class=\"wp-block-heading\">Beneficios<\/h3>\n\n\n\n<ul class=\"wp-block-list\"><li>Alojamiento&nbsp;<\/li><li>Comidas<\/li><li>Actividades<\/li><li>Hospitalidad<\/li><\/ul>\n\n\n\n<h3 class=\"wp-block-heading\">Informaci\u00f3n importante<\/h3>\n\n\n\n<ul class=\"wp-block-list\"><li>La \u00fanica v\u00eda de comunicaci\u00f3n es por email.<\/li><li>Por el volumen de postulaciones, te escribiremos \u00fanicamente si fuiste pre-seleccionado\/a<\/li><\/ul>\n","protected":false},"excerpt":{"rendered":"<p>Desde el municipio de Colonia Pellegrini, localidad ubicada en el centro de Corrientes, a orillas de la Laguna Ibera y en el coraz\u00f3n de los Esteros del Ibera, a 120kmts de Mercedes y a 200kmts. de Posadas alentaron a todos los voluntarios que quieran trabajar all\u00ed durante este verano 2023. La convocatoria est\u00e1 abierta para [&hellip;]<\/p>\n","protected":false},"author":3,"featured_media":5002,"comment_status":"closed","ping_status":"closed","sticky":false,"template":"","format":"standard","meta":{"om_disable_all_campaigns":false,"_monsterinsights_skip_tracking":false,"_monsterinsights_sitenote_active":false,"_monsterinsights_sitenote_note":"","_monsterinsights_sitenote_category":0,"footnotes":""},"categories":[34,95,149],"tags":[1804,302,457,92,1805],"class_list":["post-4998","post","type-post","status-publish","format-standard","has-post-thumbnail","hentry","category-corrientes","category-informacion-general","category-medio-ambiente","tag-colonia-pellegrini","tag-esteros-del-ibera","tag-trabajo","tag-turismo","tag-voluntarios"],"aioseo_notices":[],"amp_enabled":true,"_links":{"self":[{"href":"https:\/\/diariodigitalnea.com\/index.php\/wp-json\/wp\/v2\/posts\/4998","targetHints":{"allow":["GET"]}}],"collection":[{"href":"https:\/\/diariodigitalnea.com\/index.php\/wp-json\/wp\/v2\/posts"}],"about":[{"href":"https:\/\/diariodigitalnea.com\/index.php\/wp-json\/wp\/v2\/types\/post"}],"author":[{"embeddable":true,"href":"https:\/\/diariodigitalnea.com\/index.php\/wp-json\/wp\/v2\/users\/3"}],"replies":[{"embeddable":true,"href":"https:\/\/diariodigitalnea.com\/index.php\/wp-json\/wp\/v2\/comments?post=4998"}],"version-history":[{"count":1,"href":"https:\/\/diariodigitalnea.com\/index.php\/wp-json\/wp\/v2\/posts\/4998\/revisions"}],"predecessor-version":[{"id":5003,"href":"https:\/\/diariodigitalnea.com\/index.php\/wp-json\/wp\/v2\/posts\/4998\/revisions\/5003"}],"wp:featuredmedia":[{"embeddable":true,"href":"https:\/\/diariodigitalnea.com\/index.php\/wp-json\/wp\/v2\/media\/5002"}],"wp:attachment":[{"href":"https:\/\/diariodigitalnea.com\/index.php\/wp-json\/wp\/v2\/media?parent=4998"}],"wp:term":[{"taxonomy":"category","embeddable":true,"href":"https:\/\/diariodigitalnea.com\/index.php\/wp-json\/wp\/v2\/categories?post=4998"},{"taxonomy":"post_tag","embeddable":true,"href":"https:\/\/diariodigitalnea.com\/index.php\/wp-json\/wp\/v2\/tags?post=4998"}],"curies":[{"name":"wp","href":"https:\/\/api.w.org\/{rel}","templated":true}]}}