{"id":4960,"date":"2023-01-04T23:56:46","date_gmt":"2023-01-04T23:56:46","guid":{"rendered":"https:\/\/diariodigitalnea.com\/?p=4960"},"modified":"2023-01-04T23:56:47","modified_gmt":"2023-01-04T23:56:47","slug":"nicole-neumann-se-comprometio-con-manu-urcera-si-quiero-me-explota-el-corazon-de-felicidad","status":"publish","type":"post","link":"https:\/\/diariodigitalnea.com\/index.php\/2023\/01\/04\/nicole-neumann-se-comprometio-con-manu-urcera-si-quiero-me-explota-el-corazon-de-felicidad\/","title":{"rendered":"Nicole Neumann se comprometi\u00f3 con Manu Urcera: \u00abS\u00ed, quiero; me explota el coraz\u00f3n de felicidad\u00bb"},"content":{"rendered":"\n<p>La modelo y el piloto de carreras dieron un paso m\u00e1s en su relaci\u00f3n y compartieron dulces momentos de la propuesta formal. \u00a1Mir\u00e1 las fotos!<\/p>\n\n\n\n<p><br>Luego de que coquetearan varias veces con la posibilidad de dar un paso m\u00e1s en su a\u00f1o y ocho meses de relaci\u00f3n y dar el \u201cs\u00ed\u201d, finalmente Nicole Neumann y Manu Urcera compartieron la feliz noticia sobre su compromiso con dulces momentos de la propuesta formal rodeados de sus seres queridos.<\/p>\n\n\n\n<figure class=\"wp-block-image size-full\"><img fetchpriority=\"high\" decoding=\"async\" width=\"1017\" height=\"588\" src=\"https:\/\/diariodigitalnea.com\/wp-content\/uploads\/2023\/01\/nic3.jpg\" alt=\"\" class=\"wp-image-4962\" srcset=\"https:\/\/diariodigitalnea.com\/wp-content\/uploads\/2023\/01\/nic3.jpg 1017w, https:\/\/diariodigitalnea.com\/wp-content\/uploads\/2023\/01\/nic3-300x173.jpg 300w, https:\/\/diariodigitalnea.com\/wp-content\/uploads\/2023\/01\/nic3-768x444.jpg 768w\" sizes=\"(max-width: 1017px) 100vw, 1017px\" \/><\/figure>\n\n\n\n<p>\u201c\u00a1S\u00ed, quiero! @manurcera. \u00a1Me explota el coraz\u00f3n de felicidad! \u00a1Qu\u00e9 m\u00e1gico empezar el a\u00f1o as\u00ed! #2023BrideToBe\u201d, escribieron los novios en Instagram junto a una foto en la que se ve a la modelo mostrando su alianza mientras abraza al hombre que conquist\u00f3 su coraz\u00f3n.<\/p>\n\n\n\n<figure class=\"wp-block-image size-full\"><img decoding=\"async\" width=\"859\" height=\"538\" src=\"https:\/\/diariodigitalnea.com\/wp-content\/uploads\/2023\/01\/nic1.jpg\" alt=\"\" class=\"wp-image-4963\" srcset=\"https:\/\/diariodigitalnea.com\/wp-content\/uploads\/2023\/01\/nic1.jpg 859w, https:\/\/diariodigitalnea.com\/wp-content\/uploads\/2023\/01\/nic1-300x188.jpg 300w, https:\/\/diariodigitalnea.com\/wp-content\/uploads\/2023\/01\/nic1-768x481.jpg 768w\" sizes=\"(max-width: 859px) 100vw, 859px\" \/><\/figure>\n\n\n\n<p>Adem\u00e1s, Nicole \u2013que tiene a Allegra, Indiana y Sienna; frutos de su anterior matrimonio con Fabi\u00e1n Cubero- plasm\u00f3 en sus redes diferentes capturas del momento en el que el piloto de carreras la sorprendi\u00f3 en una tarde especial: \u201cEligi\u00f3 a una de mis artistas favoritas. Te amo, Manu\u201dm, expres\u00f3 en varios de sus posteos.<\/p>\n\n\n\n<p><\/p>\n\n\n\n<figure class=\"wp-block-image size-full\"><img decoding=\"async\" width=\"1024\" height=\"375\" src=\"http:\/\/diariodigitalnea.com\/wp-content\/uploads\/2022\/10\/CONSTRUCAL-CON-FABRICA.jpg\" alt=\"\" class=\"wp-image-2241\" srcset=\"https:\/\/diariodigitalnea.com\/wp-content\/uploads\/2022\/10\/CONSTRUCAL-CON-FABRICA.jpg 1024w, https:\/\/diariodigitalnea.com\/wp-content\/uploads\/2022\/10\/CONSTRUCAL-CON-FABRICA-300x110.jpg 300w, https:\/\/diariodigitalnea.com\/wp-content\/uploads\/2022\/10\/CONSTRUCAL-CON-FABRICA-768x281.jpg 768w\" sizes=\"(max-width: 1024px) 100vw, 1024px\" \/><figcaption>Publicidad: ConstruCal Cales hidratas y vivas para uso vial y construcci\u00f3n TEL: 3624602737<\/figcaption><\/figure>\n","protected":false},"excerpt":{"rendered":"<p>La modelo y el piloto de carreras dieron un paso m\u00e1s en su relaci\u00f3n y compartieron dulces momentos de la propuesta formal. \u00a1Mir\u00e1 las fotos! Luego de que coquetearan varias veces con la posibilidad de dar un paso m\u00e1s en su a\u00f1o y ocho meses de relaci\u00f3n y dar el \u201cs\u00ed\u201d, finalmente Nicole Neumann y [&hellip;]<\/p>\n","protected":false},"author":4,"featured_media":4961,"comment_status":"closed","ping_status":"closed","sticky":false,"template":"","format":"standard","meta":{"om_disable_all_campaigns":false,"_monsterinsights_skip_tracking":false,"_monsterinsights_sitenote_active":false,"_monsterinsights_sitenote_note":"","_monsterinsights_sitenote_category":0,"footnotes":""},"categories":[7,90],"tags":[1397,1790,1791],"class_list":["post-4960","post","type-post","status-publish","format-standard","has-post-thumbnail","hentry","category-espectaculos","category-nacionales","tag-fashion","tag-nicole-neumann","tag-urcera"],"aioseo_notices":[],"amp_enabled":true,"_links":{"self":[{"href":"https:\/\/diariodigitalnea.com\/index.php\/wp-json\/wp\/v2\/posts\/4960","targetHints":{"allow":["GET"]}}],"collection":[{"href":"https:\/\/diariodigitalnea.com\/index.php\/wp-json\/wp\/v2\/posts"}],"about":[{"href":"https:\/\/diariodigitalnea.com\/index.php\/wp-json\/wp\/v2\/types\/post"}],"author":[{"embeddable":true,"href":"https:\/\/diariodigitalnea.com\/index.php\/wp-json\/wp\/v2\/users\/4"}],"replies":[{"embeddable":true,"href":"https:\/\/diariodigitalnea.com\/index.php\/wp-json\/wp\/v2\/comments?post=4960"}],"version-history":[{"count":1,"href":"https:\/\/diariodigitalnea.com\/index.php\/wp-json\/wp\/v2\/posts\/4960\/revisions"}],"predecessor-version":[{"id":4965,"href":"https:\/\/diariodigitalnea.com\/index.php\/wp-json\/wp\/v2\/posts\/4960\/revisions\/4965"}],"wp:featuredmedia":[{"embeddable":true,"href":"https:\/\/diariodigitalnea.com\/index.php\/wp-json\/wp\/v2\/media\/4961"}],"wp:attachment":[{"href":"https:\/\/diariodigitalnea.com\/index.php\/wp-json\/wp\/v2\/media?parent=4960"}],"wp:term":[{"taxonomy":"category","embeddable":true,"href":"https:\/\/diariodigitalnea.com\/index.php\/wp-json\/wp\/v2\/categories?post=4960"},{"taxonomy":"post_tag","embeddable":true,"href":"https:\/\/diariodigitalnea.com\/index.php\/wp-json\/wp\/v2\/tags?post=4960"}],"curies":[{"name":"wp","href":"https:\/\/api.w.org\/{rel}","templated":true}]}}