{"id":4909,"date":"2023-01-02T22:44:38","date_gmt":"2023-01-02T22:44:38","guid":{"rendered":"https:\/\/diariodigitalnea.com\/?p=4909"},"modified":"2023-01-03T00:01:59","modified_gmt":"2023-01-03T00:01:59","slug":"dakar-carlos-verza-y-el-pato-silva-completaron-la-segunda-etapa","status":"publish","type":"post","link":"https:\/\/diariodigitalnea.com\/index.php\/2023\/01\/02\/dakar-carlos-verza-y-el-pato-silva-completaron-la-segunda-etapa\/","title":{"rendered":"Dakar: Carlos Verza y el Pato Silva completaron la segunda etapa"},"content":{"rendered":"\n<p>El piloto de S\u00e1enz Pe\u00f1a termin\u00f3 14\u00b0 con su quad y el \u201cPato\u201d concluy\u00f3 19\u00b0. Ma\u00f1ana van por la tercera etapa entre Alula y Ha&#8217;il, con 447 kil\u00f3metros cronometrados. <\/p>\n\n\n\n<p>Los chaque\u00f1os Juan Manuel \u201cPato\u201d Silva y Carlos Verza lograron completar este lunes la segunda etapa del Rally Dakar 20233 de Arabia Saudita, tras recorrer el tramo entre el Sea Camp y Alula, con una extensi\u00f3n de 589.07 kil\u00f3metros.<\/p>\n\n\n\n<p>El \u201cPato\u201d, que ya tiene el r\u00f3tulo de \u201cLegend\u201d (leyenda), finaliz\u00f3 en el puesto 19\u00b0 en la categor\u00eda T4 SSV (una de las dos de veh\u00edculos livianos), junto a su copiloto, el franc\u00e9s Xavier Flick.<\/p>\n\n\n\n<figure class=\"wp-block-image size-large is-resized\"><img fetchpriority=\"high\" decoding=\"async\" src=\"https:\/\/diariodigitalnea.com\/wp-content\/uploads\/2023\/01\/dakar-1024x638.jpg\" alt=\"\" class=\"wp-image-4911\" width=\"822\" height=\"512\" srcset=\"https:\/\/diariodigitalnea.com\/wp-content\/uploads\/2023\/01\/dakar-1024x638.jpg 1024w, https:\/\/diariodigitalnea.com\/wp-content\/uploads\/2023\/01\/dakar-300x187.jpg 300w, https:\/\/diariodigitalnea.com\/wp-content\/uploads\/2023\/01\/dakar-768x479.jpg 768w, https:\/\/diariodigitalnea.com\/wp-content\/uploads\/2023\/01\/dakar.jpg 1300w\" sizes=\"(max-width: 822px) 100vw, 822px\" \/><\/figure>\n\n\n\n<p>\u201cSirvi\u00f3 la estrategia, estamos en carrera, un d\u00eda m\u00e1s o un d\u00eda menos\u201d, dijo Silva en un video compartido en Instagram.<\/p>\n\n\n\n<p>\u201cNos fue bien, estamos ac\u00e1 (en el campamento) y eso es bueno. Con Xavier mejoramos el feeling en la navegaci\u00f3n, y adem\u00e1s colabor\u00e9 con mis compa\u00f1eros de equipo, y por suerte pude cederles dos cubiertas\u201d, cont\u00f3 el chaque\u00f1o.<\/p>\n\n\n\n<p>Luego, en di\u00e1logo con Carburando, el chaque\u00f1o habl\u00f3 de las exigencias de la etapa y de su decisi\u00f3n de preservar el veh\u00edculo: \u201cCuando largu\u00e9, a los 5 kil\u00f3metros vi las condiciones del camino, que nos hab\u00edan adelantado que ser\u00eda m\u00e1s duro que ayer. Por eso opt\u00e9 por un ritmo conservador\u201d.<\/p>\n\n\n\n<p>\u201cHoy era una carrera para ser m\u00e1s experimentados que velocistas. Y no romp\u00ed ninguna cubierta\u201d, destac\u00f3, y agreg\u00f3: \u201cViene siendo un aut\u00e9ntico Dakar. Estos dos primeros d\u00edas fueron realmente muy exigentes\u201d.<\/p>\n\n\n\n<figure class=\"wp-block-image size-large is-resized\"><img decoding=\"async\" src=\"https:\/\/diariodigitalnea.com\/wp-content\/uploads\/2023\/01\/dakar1-1-1024x657.jpg\" alt=\"\" class=\"wp-image-4913\" width=\"808\" height=\"518\" srcset=\"https:\/\/diariodigitalnea.com\/wp-content\/uploads\/2023\/01\/dakar1-1-1024x657.jpg 1024w, https:\/\/diariodigitalnea.com\/wp-content\/uploads\/2023\/01\/dakar1-1-300x192.jpg 300w, https:\/\/diariodigitalnea.com\/wp-content\/uploads\/2023\/01\/dakar1-1-768x493.jpg 768w, https:\/\/diariodigitalnea.com\/wp-content\/uploads\/2023\/01\/dakar1-1.jpg 1300w\" sizes=\"(max-width: 808px) 100vw, 808px\" \/><\/figure>\n\n\n\n<p>En SSV, la etapa fue ganada por la dupla polaca Marek Goczal y Maciej Marton con un tiempo de 05H 45&#8242; 31\u00bb. As\u00ed, la clasificaci\u00f3n general de esta categor\u00eda tiene al frente a esta dupla, mientras que el Pato Silva marcha 15\u00b0.<\/p>\n\n\n\n<figure class=\"wp-block-image size-large is-resized\"><img decoding=\"async\" src=\"https:\/\/diariodigitalnea.com\/wp-content\/uploads\/2023\/01\/dakar2-1024x723.jpg\" alt=\"\" class=\"wp-image-4914\" width=\"812\" height=\"573\" srcset=\"https:\/\/diariodigitalnea.com\/wp-content\/uploads\/2023\/01\/dakar2-1024x723.jpg 1024w, https:\/\/diariodigitalnea.com\/wp-content\/uploads\/2023\/01\/dakar2-300x212.jpg 300w, https:\/\/diariodigitalnea.com\/wp-content\/uploads\/2023\/01\/dakar2-768x542.jpg 768w, https:\/\/diariodigitalnea.com\/wp-content\/uploads\/2023\/01\/dakar2.jpg 1300w\" sizes=\"(max-width: 812px) 100vw, 812px\" \/><\/figure>\n\n\n\n<p>VERZA SIGUE FIRME Y EST\u00c1 15\u00b0 EN LA GENERAL<\/p>\n\n\n\n<p><br>Por su parte, Carlos Verza finaliz\u00f3 la etapa 2 en el puesto 14\u00b0 con un tiempo de 09H 56&#8242; 14\u00bb + 03H 35&#8242; 08&#8242;. En la categor\u00eda Quads, el ganador fue el franc\u00e9s Alexandre Giroud (Yamaha Racing &#8211; Smx &#8211; Drag&#8217;on) con un tiempo de 06H 21&#8242; 06\u00bb, quien tambi\u00e9n lidera la clasificaci\u00f3n general.<\/p>\n\n\n\n<p>En la general, el chaque\u00f1o se posiciona 15\u00b0, recordando especialmente que participa dentro de los Original by Motul, es decir, aquellos que corren sin asistencia o dentro de equipos oficiales.<\/p>\n\n\n\n<figure class=\"wp-block-image size-full\"><img loading=\"lazy\" decoding=\"async\" width=\"1024\" height=\"375\" src=\"http:\/\/diariodigitalnea.com\/wp-content\/uploads\/2022\/10\/CONSTRUCAL-CON-FABRICA.jpg\" alt=\"\" class=\"wp-image-2241\" srcset=\"https:\/\/diariodigitalnea.com\/wp-content\/uploads\/2022\/10\/CONSTRUCAL-CON-FABRICA.jpg 1024w, https:\/\/diariodigitalnea.com\/wp-content\/uploads\/2022\/10\/CONSTRUCAL-CON-FABRICA-300x110.jpg 300w, https:\/\/diariodigitalnea.com\/wp-content\/uploads\/2022\/10\/CONSTRUCAL-CON-FABRICA-768x281.jpg 768w\" sizes=\"(max-width: 1024px) 100vw, 1024px\" \/><figcaption>Publicidad: ConstruCal Cales hidratas y vivas para uso vial y construcci\u00f3n TEL: 3624602737<\/figcaption><\/figure>\n","protected":false},"excerpt":{"rendered":"<p>El piloto de S\u00e1enz Pe\u00f1a termin\u00f3 14\u00b0 con su quad y el \u201cPato\u201d concluy\u00f3 19\u00b0. Ma\u00f1ana van por la tercera etapa entre Alula y Ha&#8217;il, con 447 kil\u00f3metros cronometrados. Los chaque\u00f1os Juan Manuel \u201cPato\u201d Silva y Carlos Verza lograron completar este lunes la segunda etapa del Rally Dakar 20233 de Arabia Saudita, tras recorrer el [&hellip;]<\/p>\n","protected":false},"author":4,"featured_media":4910,"comment_status":"closed","ping_status":"closed","sticky":false,"template":"","format":"standard","meta":{"om_disable_all_campaigns":false,"_monsterinsights_skip_tracking":false,"_monsterinsights_sitenote_active":false,"_monsterinsights_sitenote_note":"","_monsterinsights_sitenote_category":0,"footnotes":""},"categories":[6,9],"tags":[1774,1752,1775],"class_list":["post-4909","post","type-post","status-publish","format-standard","has-post-thumbnail","hentry","category-deporte","category-internacionales","tag-dakar","tag-dakar2023","tag-rally"],"aioseo_notices":[],"amp_enabled":true,"_links":{"self":[{"href":"https:\/\/diariodigitalnea.com\/index.php\/wp-json\/wp\/v2\/posts\/4909","targetHints":{"allow":["GET"]}}],"collection":[{"href":"https:\/\/diariodigitalnea.com\/index.php\/wp-json\/wp\/v2\/posts"}],"about":[{"href":"https:\/\/diariodigitalnea.com\/index.php\/wp-json\/wp\/v2\/types\/post"}],"author":[{"embeddable":true,"href":"https:\/\/diariodigitalnea.com\/index.php\/wp-json\/wp\/v2\/users\/4"}],"replies":[{"embeddable":true,"href":"https:\/\/diariodigitalnea.com\/index.php\/wp-json\/wp\/v2\/comments?post=4909"}],"version-history":[{"count":2,"href":"https:\/\/diariodigitalnea.com\/index.php\/wp-json\/wp\/v2\/posts\/4909\/revisions"}],"predecessor-version":[{"id":4920,"href":"https:\/\/diariodigitalnea.com\/index.php\/wp-json\/wp\/v2\/posts\/4909\/revisions\/4920"}],"wp:featuredmedia":[{"embeddable":true,"href":"https:\/\/diariodigitalnea.com\/index.php\/wp-json\/wp\/v2\/media\/4910"}],"wp:attachment":[{"href":"https:\/\/diariodigitalnea.com\/index.php\/wp-json\/wp\/v2\/media?parent=4909"}],"wp:term":[{"taxonomy":"category","embeddable":true,"href":"https:\/\/diariodigitalnea.com\/index.php\/wp-json\/wp\/v2\/categories?post=4909"},{"taxonomy":"post_tag","embeddable":true,"href":"https:\/\/diariodigitalnea.com\/index.php\/wp-json\/wp\/v2\/tags?post=4909"}],"curies":[{"name":"wp","href":"https:\/\/api.w.org\/{rel}","templated":true}]}}