{"id":4867,"date":"2023-01-02T02:05:01","date_gmt":"2023-01-02T02:05:01","guid":{"rendered":"https:\/\/diariodigitalnea.com\/?p=4867"},"modified":"2023-01-02T02:05:03","modified_gmt":"2023-01-02T02:05:03","slug":"dakar-2023-final-de-la-primera-etapa-el-pato-silva-fue-durisima-bastante-complicada","status":"publish","type":"post","link":"https:\/\/diariodigitalnea.com\/index.php\/2023\/01\/02\/dakar-2023-final-de-la-primera-etapa-el-pato-silva-fue-durisima-bastante-complicada\/","title":{"rendered":"Dakar 2023 final de la primera etapa: el Pato Silva \u00abFue dur\u00edsima, bastante complicada\u00bb"},"content":{"rendered":"\n<p>Juan Manuel Silva subi\u00f3 un video en sus redes sociales relatando sus sensaciones luego de disputar\u00a0la primera etapa de la competencia.<\/p>\n\n\n\n<p>El experimentado piloto, Juan Manuel \u00abPato\u00bb Silva, est\u00e1 disputando el Rally Dakar 2023 en un Veh\u00edculo Ligero de la categor\u00eda T4 (Side by Side). En el d\u00eda de hoy, el chaque\u00f1o culmin\u00f3 en la 14ta posici\u00f3n y qued\u00f3 a casi 20 segundos del ganador, el lituano Rokas Baciuska.&nbsp;<\/p>\n\n\n\n<figure class=\"wp-block-embed is-type-video is-provider-youtube wp-block-embed-youtube wp-embed-aspect-16-9 wp-has-aspect-ratio\"><div class=\"wp-block-embed__wrapper\">\n<iframe title=\"Dakar 2023 Final primera etapa con el Pato Silva\" width=\"1200\" height=\"675\" src=\"https:\/\/www.youtube.com\/embed\/Zhp0_HL0di8?feature=oembed\" frameborder=\"0\" allow=\"accelerometer; autoplay; clipboard-write; encrypted-media; gyroscope; picture-in-picture\" allowfullscreen><\/iframe>\n<\/div><\/figure>\n\n\n\n<p>Luego de completar la primera de las quince etapas que se llevar\u00e1n a cabo en Arabia Saudita, el argentino realiz\u00f3 un posteo en sus redes sociales en el cual relata sus primeras sensaciones en la competencia. \u00abFue una etapa dur\u00edsima. Para ser la primera fue bastante complicada\u00bb, asegur\u00f3. \u00a0<\/p>\n\n\n\n<figure class=\"wp-block-image size-full\"><img fetchpriority=\"high\" decoding=\"async\" width=\"1024\" height=\"375\" src=\"http:\/\/diariodigitalnea.com\/wp-content\/uploads\/2022\/10\/CONSTRUCAL-CON-FABRICA.jpg\" alt=\"\" class=\"wp-image-2241\" srcset=\"https:\/\/diariodigitalnea.com\/wp-content\/uploads\/2022\/10\/CONSTRUCAL-CON-FABRICA.jpg 1024w, https:\/\/diariodigitalnea.com\/wp-content\/uploads\/2022\/10\/CONSTRUCAL-CON-FABRICA-300x110.jpg 300w, https:\/\/diariodigitalnea.com\/wp-content\/uploads\/2022\/10\/CONSTRUCAL-CON-FABRICA-768x281.jpg 768w\" sizes=\"(max-width: 1024px) 100vw, 1024px\" \/><figcaption>Publicidad: ConstruCal Cales hidratas y vivas para uso vial y construcci\u00f3n TEL: 3624602737<\/figcaption><\/figure>\n","protected":false},"excerpt":{"rendered":"<p>Juan Manuel Silva subi\u00f3 un video en sus redes sociales relatando sus sensaciones luego de disputar\u00a0la primera etapa de la competencia. El experimentado piloto, Juan Manuel \u00abPato\u00bb Silva, est\u00e1 disputando el Rally Dakar 2023 en un Veh\u00edculo Ligero de la categor\u00eda T4 (Side by Side). En el d\u00eda de hoy, el chaque\u00f1o culmin\u00f3 en la [&hellip;]<\/p>\n","protected":false},"author":4,"featured_media":4868,"comment_status":"closed","ping_status":"closed","sticky":false,"template":"","format":"standard","meta":{"om_disable_all_campaigns":false,"_monsterinsights_skip_tracking":false,"_monsterinsights_sitenote_active":false,"_monsterinsights_sitenote_note":"","_monsterinsights_sitenote_category":0,"footnotes":""},"categories":[6,9],"tags":[1752,1753],"class_list":["post-4867","post","type-post","status-publish","format-standard","has-post-thumbnail","hentry","category-deporte","category-internacionales","tag-dakar2023","tag-rally-dakar"],"aioseo_notices":[],"amp_enabled":true,"_links":{"self":[{"href":"https:\/\/diariodigitalnea.com\/index.php\/wp-json\/wp\/v2\/posts\/4867","targetHints":{"allow":["GET"]}}],"collection":[{"href":"https:\/\/diariodigitalnea.com\/index.php\/wp-json\/wp\/v2\/posts"}],"about":[{"href":"https:\/\/diariodigitalnea.com\/index.php\/wp-json\/wp\/v2\/types\/post"}],"author":[{"embeddable":true,"href":"https:\/\/diariodigitalnea.com\/index.php\/wp-json\/wp\/v2\/users\/4"}],"replies":[{"embeddable":true,"href":"https:\/\/diariodigitalnea.com\/index.php\/wp-json\/wp\/v2\/comments?post=4867"}],"version-history":[{"count":1,"href":"https:\/\/diariodigitalnea.com\/index.php\/wp-json\/wp\/v2\/posts\/4867\/revisions"}],"predecessor-version":[{"id":4869,"href":"https:\/\/diariodigitalnea.com\/index.php\/wp-json\/wp\/v2\/posts\/4867\/revisions\/4869"}],"wp:featuredmedia":[{"embeddable":true,"href":"https:\/\/diariodigitalnea.com\/index.php\/wp-json\/wp\/v2\/media\/4868"}],"wp:attachment":[{"href":"https:\/\/diariodigitalnea.com\/index.php\/wp-json\/wp\/v2\/media?parent=4867"}],"wp:term":[{"taxonomy":"category","embeddable":true,"href":"https:\/\/diariodigitalnea.com\/index.php\/wp-json\/wp\/v2\/categories?post=4867"},{"taxonomy":"post_tag","embeddable":true,"href":"https:\/\/diariodigitalnea.com\/index.php\/wp-json\/wp\/v2\/tags?post=4867"}],"curies":[{"name":"wp","href":"https:\/\/api.w.org\/{rel}","templated":true}]}}