{"id":4807,"date":"2022-12-30T01:05:37","date_gmt":"2022-12-30T01:05:37","guid":{"rendered":"https:\/\/diariodigitalnea.com\/?p=4807"},"modified":"2022-12-30T01:05:38","modified_gmt":"2022-12-30T01:05:38","slug":"una-familia-rosarina-volco-en-villa-berthet","status":"publish","type":"post","link":"https:\/\/diariodigitalnea.com\/index.php\/2022\/12\/30\/una-familia-rosarina-volco-en-villa-berthet\/","title":{"rendered":"Una familia rosarina volc\u00f3 en Villa Berthet"},"content":{"rendered":"\n<p>Afortunadamente s\u00f3lo se produjeron da\u00f1os materiales.<\/p>\n\n\n\n<p>El hecho se produjo en la siesta de hoy en ruta 6, a seis kil\u00f3metros del acceso a la localidad chaque\u00f1a de Villa Berthet.<\/p>\n\n\n\n<p>De acuerdo a las fuentes policiales, el conductor del veh\u00edculo Nissan Tida perdi\u00f3 el control de su rodado, sali\u00f3 de la\u00a0 cinta asf\u00e1ltica y tras pisar la banquina el auto termin\u00f3 dando vuelco hacia el pastizal.<\/p>\n\n\n\n<figure class=\"wp-block-image size-large\"><img fetchpriority=\"high\" decoding=\"async\" width=\"1024\" height=\"704\" src=\"http:\/\/diariodigitalnea.com\/wp-content\/uploads\/2022\/12\/vuelco001-1024x704.jpg\" alt=\"\" class=\"wp-image-4808\" srcset=\"https:\/\/diariodigitalnea.com\/wp-content\/uploads\/2022\/12\/vuelco001-1024x704.jpg 1024w, https:\/\/diariodigitalnea.com\/wp-content\/uploads\/2022\/12\/vuelco001-300x206.jpg 300w, https:\/\/diariodigitalnea.com\/wp-content\/uploads\/2022\/12\/vuelco001-768x528.jpg 768w, https:\/\/diariodigitalnea.com\/wp-content\/uploads\/2022\/12\/vuelco001.jpg 1194w\" sizes=\"(max-width: 1024px) 100vw, 1024px\" \/><\/figure>\n\n\n\n<p>El hombre que conduc\u00eda el autom\u00f3vil, de 42 a\u00f1os de edad viajaba con su pareja, de 33 a\u00f1os, su hija de 13, su cu\u00f1ado de 36 y su sobrina de 16 a\u00f1os; todos oriundos de la ciudad de Rosario, Santa Fe. Afortunadamente s\u00f3lo se registraron da\u00f1os materiales.<\/p>\n","protected":false},"excerpt":{"rendered":"<p>Afortunadamente s\u00f3lo se produjeron da\u00f1os materiales. El hecho se produjo en la siesta de hoy en ruta 6, a seis kil\u00f3metros del acceso a la localidad chaque\u00f1a de Villa Berthet. De acuerdo a las fuentes policiales, el conductor del veh\u00edculo Nissan Tida perdi\u00f3 el control de su rodado, sali\u00f3 de la\u00a0 cinta asf\u00e1ltica y tras [&hellip;]<\/p>\n","protected":false},"author":3,"featured_media":4809,"comment_status":"closed","ping_status":"closed","sticky":false,"template":"","format":"standard","meta":{"om_disable_all_campaigns":false,"_monsterinsights_skip_tracking":false,"_monsterinsights_sitenote_active":false,"_monsterinsights_sitenote_note":"","_monsterinsights_sitenote_category":0,"footnotes":""},"categories":[33,52],"tags":[43,1734,1733,869],"class_list":["post-4807","post","type-post","status-publish","format-standard","has-post-thumbnail","hentry","category-chaco","category-policiales","tag-rosario","tag-ruta-6","tag-villa-berthet","tag-vuelco"],"aioseo_notices":[],"amp_enabled":true,"_links":{"self":[{"href":"https:\/\/diariodigitalnea.com\/index.php\/wp-json\/wp\/v2\/posts\/4807","targetHints":{"allow":["GET"]}}],"collection":[{"href":"https:\/\/diariodigitalnea.com\/index.php\/wp-json\/wp\/v2\/posts"}],"about":[{"href":"https:\/\/diariodigitalnea.com\/index.php\/wp-json\/wp\/v2\/types\/post"}],"author":[{"embeddable":true,"href":"https:\/\/diariodigitalnea.com\/index.php\/wp-json\/wp\/v2\/users\/3"}],"replies":[{"embeddable":true,"href":"https:\/\/diariodigitalnea.com\/index.php\/wp-json\/wp\/v2\/comments?post=4807"}],"version-history":[{"count":1,"href":"https:\/\/diariodigitalnea.com\/index.php\/wp-json\/wp\/v2\/posts\/4807\/revisions"}],"predecessor-version":[{"id":4810,"href":"https:\/\/diariodigitalnea.com\/index.php\/wp-json\/wp\/v2\/posts\/4807\/revisions\/4810"}],"wp:featuredmedia":[{"embeddable":true,"href":"https:\/\/diariodigitalnea.com\/index.php\/wp-json\/wp\/v2\/media\/4809"}],"wp:attachment":[{"href":"https:\/\/diariodigitalnea.com\/index.php\/wp-json\/wp\/v2\/media?parent=4807"}],"wp:term":[{"taxonomy":"category","embeddable":true,"href":"https:\/\/diariodigitalnea.com\/index.php\/wp-json\/wp\/v2\/categories?post=4807"},{"taxonomy":"post_tag","embeddable":true,"href":"https:\/\/diariodigitalnea.com\/index.php\/wp-json\/wp\/v2\/tags?post=4807"}],"curies":[{"name":"wp","href":"https:\/\/api.w.org\/{rel}","templated":true}]}}