{"id":4791,"date":"2022-12-29T23:10:50","date_gmt":"2022-12-29T23:10:50","guid":{"rendered":"https:\/\/diariodigitalnea.com\/?p=4791"},"modified":"2022-12-29T23:11:14","modified_gmt":"2022-12-29T23:11:14","slug":"una-figura-del-ajedrez-fue-a-jugar-el-mundial-con-la-remera-del-que-miras-bobo-y-lo-sancionaron","status":"publish","type":"post","link":"https:\/\/diariodigitalnea.com\/index.php\/2022\/12\/29\/una-figura-del-ajedrez-fue-a-jugar-el-mundial-con-la-remera-del-que-miras-bobo-y-lo-sancionaron\/","title":{"rendered":"Una figura del ajedrez fue a jugar el Mundial con la remera del \u00abqu\u00e9 mir\u00e1s, bobo\u00bb y lo sancionaron"},"content":{"rendered":"\n<p>El ajedrecista ruso Ian Alexandrovich Nepomniachtchi, de 32 a\u00f1os, sorprendi\u00f3 a todo el mundo este jueves cuando se present\u00f3 a jugar el Mundial de Ajedrez Rel\u00e1mpago Blitz en Kazajst\u00e1n con una remera muy particular y relacionada con la final de la Copa del Mundo.<\/p>\n\n\n\n<p>La vestimenta del \u00faltimo retador de Magnus Carlsen lleva un gui\u00f1o a Lionel Messi y la Selecci\u00f3n Argentina campe\u00f3n en Qatar 2022: \u00ab\u00bfQu\u00e9 mir\u00e1s bobo? And\u00e1 pa&#8217; all\u00e1\u00bb, se puede leer en el pecho del ruso con las letras de los colores celeste y blanco.<\/p>\n\n\n\n<p>El jugador ruso se present\u00f3 a competir con la frase que hizo popular Lionel Messi cuando se dirigi\u00f3 de esta manera al delantero neerland\u00e9s Wout Weghorst, luego de una tanda de penales muy caliente por los cuartos de final de Qatar 2022.<\/p>\n\n\n\n<p>En el video que se difundi\u00f3 a trav\u00e9s de Twitter se puede ver c\u00f3mo el Gran Maestro, campe\u00f3n de Rusia en 2010 y 2020, es apercibido por los jueces, quienes le recuerdan cu\u00e1l es el c\u00f3digo de vestimenta para continuar con el torneo. \u00c9l, simplemente, sonr\u00ede p\u00edcaramente a la c\u00e1mara.<\/p>\n","protected":false},"excerpt":{"rendered":"<p>El ajedrecista ruso Ian Alexandrovich Nepomniachtchi, de 32 a\u00f1os, sorprendi\u00f3 a todo el mundo este jueves cuando se present\u00f3 a jugar el Mundial de Ajedrez Rel\u00e1mpago Blitz en Kazajst\u00e1n con una remera muy particular y relacionada con la final de la Copa del Mundo. La vestimenta del \u00faltimo retador de Magnus Carlsen lleva un gui\u00f1o [&hellip;]<\/p>\n","protected":false},"author":3,"featured_media":4792,"comment_status":"closed","ping_status":"closed","sticky":false,"template":"","format":"standard","meta":{"om_disable_all_campaigns":false,"_monsterinsights_skip_tracking":false,"_monsterinsights_sitenote_active":false,"_monsterinsights_sitenote_note":"","_monsterinsights_sitenote_category":0,"footnotes":""},"categories":[6],"tags":[1726,1725,1728,1727,1729],"class_list":["post-4791","post","type-post","status-publish","format-standard","has-post-thumbnail","hentry","category-deporte","tag-que-miras-bobo-anda-paalla","tag-ajedrez","tag-mundial-de-ajedrez","tag-remera-impresa","tag-sancion"],"aioseo_notices":[],"amp_enabled":true,"_links":{"self":[{"href":"https:\/\/diariodigitalnea.com\/index.php\/wp-json\/wp\/v2\/posts\/4791","targetHints":{"allow":["GET"]}}],"collection":[{"href":"https:\/\/diariodigitalnea.com\/index.php\/wp-json\/wp\/v2\/posts"}],"about":[{"href":"https:\/\/diariodigitalnea.com\/index.php\/wp-json\/wp\/v2\/types\/post"}],"author":[{"embeddable":true,"href":"https:\/\/diariodigitalnea.com\/index.php\/wp-json\/wp\/v2\/users\/3"}],"replies":[{"embeddable":true,"href":"https:\/\/diariodigitalnea.com\/index.php\/wp-json\/wp\/v2\/comments?post=4791"}],"version-history":[{"count":1,"href":"https:\/\/diariodigitalnea.com\/index.php\/wp-json\/wp\/v2\/posts\/4791\/revisions"}],"predecessor-version":[{"id":4793,"href":"https:\/\/diariodigitalnea.com\/index.php\/wp-json\/wp\/v2\/posts\/4791\/revisions\/4793"}],"wp:featuredmedia":[{"embeddable":true,"href":"https:\/\/diariodigitalnea.com\/index.php\/wp-json\/wp\/v2\/media\/4792"}],"wp:attachment":[{"href":"https:\/\/diariodigitalnea.com\/index.php\/wp-json\/wp\/v2\/media?parent=4791"}],"wp:term":[{"taxonomy":"category","embeddable":true,"href":"https:\/\/diariodigitalnea.com\/index.php\/wp-json\/wp\/v2\/categories?post=4791"},{"taxonomy":"post_tag","embeddable":true,"href":"https:\/\/diariodigitalnea.com\/index.php\/wp-json\/wp\/v2\/tags?post=4791"}],"curies":[{"name":"wp","href":"https:\/\/api.w.org\/{rel}","templated":true}]}}