{"id":4780,"date":"2022-12-29T22:39:53","date_gmt":"2022-12-29T22:39:53","guid":{"rendered":"https:\/\/diariodigitalnea.com\/?p=4780"},"modified":"2022-12-29T22:39:54","modified_gmt":"2022-12-29T22:39:54","slug":"murio-pele-todos-los-records-goles-y-titulos-del-brasileno-campeon-del-mundo","status":"publish","type":"post","link":"https:\/\/diariodigitalnea.com\/index.php\/2022\/12\/29\/murio-pele-todos-los-records-goles-y-titulos-del-brasileno-campeon-del-mundo\/","title":{"rendered":"Muri\u00f3 Pel\u00e9: todos los r\u00e9cords, goles y t\u00edtulos del brasile\u00f1o campe\u00f3n del mundo"},"content":{"rendered":"\n<p>El f\u00fatbol est\u00e1 de luto. Pel\u00e9, el m\u00e1ximo \u00eddolo brasile\u00f1o y uno de los mejores jugadores de la historia, muri\u00f3 este jueves a los 82 a\u00f1os. Ganador de tres Mundiales (1958, 1962 y 1970), &#8216;O Rei&#8217; dej\u00f3 una de las huellas m\u00e1s importantes del deporte y su fallecimiento conmociona al mundo entero.<\/p>\n\n\n\n<p>En los \u00faltimos d\u00edas, el estado de salud de Pel\u00e9 se hab\u00eda agravado, a tal punto que su familia hab\u00eda dicho que iba a pasar la Navidad internado. El brasile\u00f1o, que padec\u00eda un c\u00e1ncer de colon, hab\u00eda sufrido una progresi\u00f3n de la enfermedad en el \u00faltimo tiempo, adem\u00e1s de disfunci\u00f3n renal y card\u00edaca.<\/p>\n\n\n\n<figure class=\"wp-block-image size-full\"><img fetchpriority=\"high\" decoding=\"async\" width=\"1000\" height=\"671\" src=\"http:\/\/diariodigitalnea.com\/wp-content\/uploads\/2022\/12\/pele4.jpg\" alt=\"\" class=\"wp-image-4784\" srcset=\"https:\/\/diariodigitalnea.com\/wp-content\/uploads\/2022\/12\/pele4.jpg 1000w, https:\/\/diariodigitalnea.com\/wp-content\/uploads\/2022\/12\/pele4-300x201.jpg 300w, https:\/\/diariodigitalnea.com\/wp-content\/uploads\/2022\/12\/pele4-768x515.jpg 768w\" sizes=\"(max-width: 1000px) 100vw, 1000px\" \/><\/figure>\n\n\n\n<h2 class=\"wp-block-heading\">Todos los t\u00edtulos que gan\u00f3 Pel\u00e9 en su carrera<\/h2>\n\n\n\n<p>&nbsp;Santos Serie A (1961,1962, 1963, 1964, 1965 y 1968) Copa Libertadores (1962 y 1963), Copa Intercontinental (1962 y 1963) Campeonato Paulista (1958, 1960, 1961, 1962, 1964, 1965, 1967, 1968, 1969 y 1973) Torneo R\u00edo-S\u00e3o Paulo (1959, 1963, 1964 y 1966). New York Cosmos North American Soccer League (1977) Selecci\u00f3n de Brasil Copa del Mundo (1958, 1962 y 1970).<\/p>\n\n\n\n<p>Los r\u00e9cords de Pel\u00e9 M\u00e1s goles marcados en un partido: fueron ocho tantos, en la goleada de Santos contra Botafogo de Ribeirao Preto. Futbolista m\u00e1s joven en ganar el Mundial: el brasile\u00f1o ten\u00eda 17 a\u00f1os y 239 d\u00edas cuando levant\u00f3 la Copa en Suecia 1958.<\/p>\n\n\n\n<figure class=\"wp-block-image size-full\"><img decoding=\"async\" width=\"768\" height=\"432\" src=\"http:\/\/diariodigitalnea.com\/wp-content\/uploads\/2022\/12\/pele.jpg\" alt=\"\" class=\"wp-image-4781\" srcset=\"https:\/\/diariodigitalnea.com\/wp-content\/uploads\/2022\/12\/pele.jpg 768w, https:\/\/diariodigitalnea.com\/wp-content\/uploads\/2022\/12\/pele-300x169.jpg 300w\" sizes=\"(max-width: 768px) 100vw, 768px\" \/><\/figure>\n\n\n\n<p>&nbsp;\u00danico tricampe\u00f3n del Mundo: Pel\u00e9 es el \u00fanico jugador de la historia en ganar tres Mundiales. Goleador de la Copa Intercontinental: en apenas tres partidos, hizo 7 goles. Goleador m\u00e1s joven de la selecci\u00f3n de Brasil: ten\u00eda solo 16 a\u00f1os cuando marc\u00f3 por primera vez.<\/p>\n\n\n\n<p>El m\u00e1s joven en hacer un triplete: Pel\u00e9 tambi\u00e9n fue el jugador m\u00e1s joven de la historia en firmar un hat-trick, ante Francia en semifinales de un Mundial. Goles con el Scratch: tiene 77 goles en 92 partidos, entre 1957 y 1971.<\/p>\n","protected":false},"excerpt":{"rendered":"<p>El f\u00fatbol est\u00e1 de luto. Pel\u00e9, el m\u00e1ximo \u00eddolo brasile\u00f1o y uno de los mejores jugadores de la historia, muri\u00f3 este jueves a los 82 a\u00f1os. Ganador de tres Mundiales (1958, 1962 y 1970), &#8216;O Rei&#8217; dej\u00f3 una de las huellas m\u00e1s importantes del deporte y su fallecimiento conmociona al mundo entero. En los \u00faltimos [&hellip;]<\/p>\n","protected":false},"author":3,"featured_media":4783,"comment_status":"closed","ping_status":"closed","sticky":false,"template":"","format":"standard","meta":{"om_disable_all_campaigns":false,"_monsterinsights_skip_tracking":false,"_monsterinsights_sitenote_active":false,"_monsterinsights_sitenote_note":"","_monsterinsights_sitenote_category":0,"footnotes":""},"categories":[6],"tags":[350,203,17,206,1722],"class_list":["post-4780","post","type-post","status-publish","format-standard","has-post-thumbnail","hentry","category-deporte","tag-brasil","tag-fallecimiento","tag-futbol-2","tag-luto","tag-pele"],"aioseo_notices":[],"amp_enabled":true,"_links":{"self":[{"href":"https:\/\/diariodigitalnea.com\/index.php\/wp-json\/wp\/v2\/posts\/4780","targetHints":{"allow":["GET"]}}],"collection":[{"href":"https:\/\/diariodigitalnea.com\/index.php\/wp-json\/wp\/v2\/posts"}],"about":[{"href":"https:\/\/diariodigitalnea.com\/index.php\/wp-json\/wp\/v2\/types\/post"}],"author":[{"embeddable":true,"href":"https:\/\/diariodigitalnea.com\/index.php\/wp-json\/wp\/v2\/users\/3"}],"replies":[{"embeddable":true,"href":"https:\/\/diariodigitalnea.com\/index.php\/wp-json\/wp\/v2\/comments?post=4780"}],"version-history":[{"count":1,"href":"https:\/\/diariodigitalnea.com\/index.php\/wp-json\/wp\/v2\/posts\/4780\/revisions"}],"predecessor-version":[{"id":4785,"href":"https:\/\/diariodigitalnea.com\/index.php\/wp-json\/wp\/v2\/posts\/4780\/revisions\/4785"}],"wp:featuredmedia":[{"embeddable":true,"href":"https:\/\/diariodigitalnea.com\/index.php\/wp-json\/wp\/v2\/media\/4783"}],"wp:attachment":[{"href":"https:\/\/diariodigitalnea.com\/index.php\/wp-json\/wp\/v2\/media?parent=4780"}],"wp:term":[{"taxonomy":"category","embeddable":true,"href":"https:\/\/diariodigitalnea.com\/index.php\/wp-json\/wp\/v2\/categories?post=4780"},{"taxonomy":"post_tag","embeddable":true,"href":"https:\/\/diariodigitalnea.com\/index.php\/wp-json\/wp\/v2\/tags?post=4780"}],"curies":[{"name":"wp","href":"https:\/\/api.w.org\/{rel}","templated":true}]}}