{"id":4723,"date":"2022-12-27T12:44:29","date_gmt":"2022-12-27T12:44:29","guid":{"rendered":"https:\/\/diariodigitalnea.com\/?p=4723"},"modified":"2022-12-27T12:44:30","modified_gmt":"2022-12-27T12:44:30","slug":"habra-horario-reducido-del-transporte-durante-el-31-de-diciembre-y-1-de-enero","status":"publish","type":"post","link":"https:\/\/diariodigitalnea.com\/index.php\/2022\/12\/27\/habra-horario-reducido-del-transporte-durante-el-31-de-diciembre-y-1-de-enero\/","title":{"rendered":"Habr\u00e1 horario reducido del transporte durante el 31 de diciembre y 1 de enero"},"content":{"rendered":"\n<p>As\u00ed como sucedi\u00f3 en Navidad, el s\u00e1bado 31, el servicio de l\u00edneas urbanas e interurbanas del Gran Resistencia funcionar\u00e1 hasta un cierto horario.<\/p>\n\n\n\n<p>Desde la Subsecretar\u00eda de Transporte, dependiente del ministerio de Planificaci\u00f3n, Econom\u00eda e Infraestructura, detallaron que el servicio de transporte p\u00fablico de pasajeros se reducir\u00e1, debido a los festejos de fin de a\u00f1o.<\/p>\n\n\n\n<p>De esta manera, las l\u00edneas urbanas e interurbanas del \u00e1rea metropolitana del Gran Resistencia estar\u00e1n disponibles hasta las 22 del s\u00e1bado 31 de diciembre, y retomar\u00e1n los servicios el domingo 1 de enero, a las 5.<\/p>\n\n\n\n<p>La medida ya fue adoptada durante Navidad y se repetir\u00e1 en v\u00edsperas y durante la noche de A\u00f1o Nuevo.<\/p>\n\n\n\n<figure class=\"wp-block-image size-full\"><img fetchpriority=\"high\" decoding=\"async\" width=\"751\" height=\"588\" src=\"http:\/\/diariodigitalnea.com\/wp-content\/uploads\/2022\/12\/colectivo02.jpg\" alt=\"\" class=\"wp-image-4725\" srcset=\"https:\/\/diariodigitalnea.com\/wp-content\/uploads\/2022\/12\/colectivo02.jpg 751w, https:\/\/diariodigitalnea.com\/wp-content\/uploads\/2022\/12\/colectivo02-300x235.jpg 300w, https:\/\/diariodigitalnea.com\/wp-content\/uploads\/2022\/12\/colectivo02-551x431.jpg 551w\" sizes=\"(max-width: 751px) 100vw, 751px\" \/><\/figure>\n\n\n\n<p><strong>BOLETO DOCENTE DIFERENCIAL 2023<\/strong><\/p>\n\n\n\n<p>Adem\u00e1s, desde el \u00e1rea de Transporte, dependiente del ministerio de Planificaci\u00f3n, Econom\u00eda e Infraestructura de la Provincia, recordaron que se encuentra abierta la preinscripci\u00f3n para el boleto docente diferencial para trabajadores de todos los niveles que residan en un municipio distinto al que trabajan.<\/p>\n\n\n\n<p>Podr\u00e1n preinscribirse hasta el 29 de diciembre los docentes activos de todos los niveles y modalidades, y tambi\u00e9n auxiliares docentes que necesiten trasladarse distancias medias y largas dentro de la provincia para prestar servicio. Quedan exceptuados los docentes del \u00c1rea Metropolitana de Resistencia, que ya cuentan con una tarifa subsidiada.<\/p>\n\n\n\n<p>Los interesados deber\u00e1n preinscribirse mediante Tu Gobierno Digital (www.gobiernodigital.chaco.gob.ar), a trav\u00e9s del m\u00f3dulo del Sistema Integral de Educaci\u00f3n (SIE) hasta el 29 de diciembre inclusive.<\/p>\n\n\n\n<p>Para ello, tendr\u00e1n que contar con un usuario y contrase\u00f1a en Tu Gobierno Digital y all\u00ed descargar la aplicaci\u00f3n SIE. Una vez que se registren y completen el formulario, deber\u00e1n esperar la confirmaci\u00f3n del acceso al beneficio.<\/p>\n","protected":false},"excerpt":{"rendered":"<p>As\u00ed como sucedi\u00f3 en Navidad, el s\u00e1bado 31, el servicio de l\u00edneas urbanas e interurbanas del Gran Resistencia funcionar\u00e1 hasta un cierto horario. Desde la Subsecretar\u00eda de Transporte, dependiente del ministerio de Planificaci\u00f3n, Econom\u00eda e Infraestructura, detallaron que el servicio de transporte p\u00fablico de pasajeros se reducir\u00e1, debido a los festejos de fin de a\u00f1o. [&hellip;]<\/p>\n","protected":false},"author":3,"featured_media":4724,"comment_status":"closed","ping_status":"closed","sticky":false,"template":"","format":"standard","meta":{"om_disable_all_campaigns":false,"_monsterinsights_skip_tracking":false,"_monsterinsights_sitenote_active":false,"_monsterinsights_sitenote_note":"","_monsterinsights_sitenote_category":0,"footnotes":""},"categories":[33],"tags":[1692,515,1691,38],"class_list":["post-4723","post","type-post","status-publish","format-standard","has-post-thumbnail","hentry","category-chaco","tag-area-metropolitana","tag-gran-resistencia","tag-reduccion-de-horario","tag-transporte-publico"],"aioseo_notices":[],"amp_enabled":true,"_links":{"self":[{"href":"https:\/\/diariodigitalnea.com\/index.php\/wp-json\/wp\/v2\/posts\/4723","targetHints":{"allow":["GET"]}}],"collection":[{"href":"https:\/\/diariodigitalnea.com\/index.php\/wp-json\/wp\/v2\/posts"}],"about":[{"href":"https:\/\/diariodigitalnea.com\/index.php\/wp-json\/wp\/v2\/types\/post"}],"author":[{"embeddable":true,"href":"https:\/\/diariodigitalnea.com\/index.php\/wp-json\/wp\/v2\/users\/3"}],"replies":[{"embeddable":true,"href":"https:\/\/diariodigitalnea.com\/index.php\/wp-json\/wp\/v2\/comments?post=4723"}],"version-history":[{"count":1,"href":"https:\/\/diariodigitalnea.com\/index.php\/wp-json\/wp\/v2\/posts\/4723\/revisions"}],"predecessor-version":[{"id":4726,"href":"https:\/\/diariodigitalnea.com\/index.php\/wp-json\/wp\/v2\/posts\/4723\/revisions\/4726"}],"wp:featuredmedia":[{"embeddable":true,"href":"https:\/\/diariodigitalnea.com\/index.php\/wp-json\/wp\/v2\/media\/4724"}],"wp:attachment":[{"href":"https:\/\/diariodigitalnea.com\/index.php\/wp-json\/wp\/v2\/media?parent=4723"}],"wp:term":[{"taxonomy":"category","embeddable":true,"href":"https:\/\/diariodigitalnea.com\/index.php\/wp-json\/wp\/v2\/categories?post=4723"},{"taxonomy":"post_tag","embeddable":true,"href":"https:\/\/diariodigitalnea.com\/index.php\/wp-json\/wp\/v2\/tags?post=4723"}],"curies":[{"name":"wp","href":"https:\/\/api.w.org\/{rel}","templated":true}]}}