{"id":4688,"date":"2022-12-26T17:10:00","date_gmt":"2022-12-26T17:10:00","guid":{"rendered":"https:\/\/diariodigitalnea.com\/?p=4688"},"modified":"2022-12-26T17:10:50","modified_gmt":"2022-12-26T17:10:50","slug":"el-hotel-de-los-famosos-ya-tiene-fecha-de-estreno","status":"publish","type":"post","link":"https:\/\/diariodigitalnea.com\/index.php\/2022\/12\/26\/el-hotel-de-los-famosos-ya-tiene-fecha-de-estreno\/","title":{"rendered":"El Hotel de los Famosos ya tiene fecha de estreno"},"content":{"rendered":"\n<p>El reality tiene todo listo para arrancar los primeros d\u00edas del 2023. Mir\u00e1.<\/p>\n\n\n\n<p>El Hotel de los Famosos 2 ha dado mucho de qu\u00e9 hablar en las \u00faltimas semanas y ya se conoci\u00f3 cu\u00e1ndo ser\u00e1 el estreno en la pantalla de El Trece.<\/p>\n\n\n\n<p>El portal televisi\u00f3n.com.ar revel\u00f3 que ser\u00e1 el pr\u00f3ximo lunes 9 de enero, cuando Pampita y el Chino Leunis abran las puestas de hotel al p\u00fablico.<\/p>\n\n\n\n<figure class=\"wp-block-image size-full\"><img fetchpriority=\"high\" decoding=\"async\" width=\"376\" height=\"491\" src=\"http:\/\/diariodigitalnea.com\/wp-content\/uploads\/2022\/12\/HF3.jpg\" alt=\"\" class=\"wp-image-4691\" srcset=\"https:\/\/diariodigitalnea.com\/wp-content\/uploads\/2022\/12\/HF3.jpg 376w, https:\/\/diariodigitalnea.com\/wp-content\/uploads\/2022\/12\/HF3-230x300.jpg 230w\" sizes=\"(max-width: 376px) 100vw, 376px\" \/><\/figure>\n\n\n\n<p>Para poder llegar al final y ganar los 15 millones de pesos, adem\u00e1s de convivir, los famosos deber\u00e1n seguir las \u00f3rdenes de los jefes de cada \u00e1rea del hotel. Gabriel Oliveri volver\u00e1 a ejercer su funci\u00f3n de gerente; la cocina estar\u00e1 a cargo de Christian Petersen y Juan Miceli es quien dirija las actividades relacionadas con el jard\u00edn. Jos\u00e9 Mar\u00eda Muscari volver\u00e1 a ser el coach de convivencia para los famosos. Locho Loccisano ser\u00e1 el encargado de todo el contenido del programa dispuesto para las redes sociales.<\/p>\n\n\n\n<h2 class=\"wp-block-heading\">Qui\u00e9nes estar\u00e1n en El Hotel de los Famosos 2<\/h2>\n\n\n\n<p>Este a\u00f1o, el elenco del reality producido por BoxFish est\u00e1 integrado por: Alejo Ortiz, Fernando Carrillo, Charlotte Caniggia, Roc\u00edo Marengo, Mimi Alvarado, Mart\u00edn Coggi, Flor Moyano, \u00c9rica Garc\u00eda, Emiliano Rella, Abigail Pereyra, Marian Farjat, Sebasti\u00e1n Cobelli, Enzo Aguilar, Juani Martino, Delfina Ger\u00e9z Bosco y Federico Bar\u00f3n.<\/p>\n\n\n\n<figure class=\"wp-block-image size-full\"><img decoding=\"async\" width=\"889\" height=\"448\" src=\"http:\/\/diariodigitalnea.com\/wp-content\/uploads\/2022\/12\/HF2.jpg\" alt=\"\" class=\"wp-image-4690\" srcset=\"https:\/\/diariodigitalnea.com\/wp-content\/uploads\/2022\/12\/HF2.jpg 889w, https:\/\/diariodigitalnea.com\/wp-content\/uploads\/2022\/12\/HF2-300x151.jpg 300w, https:\/\/diariodigitalnea.com\/wp-content\/uploads\/2022\/12\/HF2-768x387.jpg 768w\" sizes=\"(max-width: 889px) 100vw, 889px\" \/><\/figure>\n\n\n\n<p><strong>El gesto de Charlotte Caniggia con Gran Hermano que podr\u00eda enojar a la producci\u00f3n de El Hotel de los Famosos 2<\/strong><\/p>\n\n\n\n<p>Charlotte Caniggia fue presentada el martes 25 de octubre como una de las participantes oficiales de la segunda edici\u00f3n de El Hotel de los Famosos (El Trece). Sin embargo, la medi\u00e1tica hizo una publicaci\u00f3n sobre Gran Hermano (Tellefe) que prodr\u00eda hacer enojar a la producci\u00f3n del reality conducido por Carolina Pampita Ardohain y el Chino Leunis.<\/p>\n\n\n\n<figure class=\"wp-block-image size-full\"><img decoding=\"async\" width=\"900\" height=\"505\" src=\"http:\/\/diariodigitalnea.com\/wp-content\/uploads\/2022\/12\/hf.jpg\" alt=\"\" class=\"wp-image-4689\" srcset=\"https:\/\/diariodigitalnea.com\/wp-content\/uploads\/2022\/12\/hf.jpg 900w, https:\/\/diariodigitalnea.com\/wp-content\/uploads\/2022\/12\/hf-300x168.jpg 300w, https:\/\/diariodigitalnea.com\/wp-content\/uploads\/2022\/12\/hf-768x431.jpg 768w\" sizes=\"(max-width: 900px) 100vw, 900px\" \/><\/figure>\n\n\n\n<p>Fue el periodista Agus Rey quien captur\u00f3 la historia de Charlotte el mismo d\u00eda en el que fue presentada como integrante de El Hotel de los Famosos 2. En la historia, publicada en Instagram, la hermana de Alex Caniggia, ganador de la primera temporada, sac\u00f3 una foto que demostraba que estaba mirando Gran Hermano.<\/p>\n\n\n\n<p>\u00abLa que se puso la camiseta de El Hotel de los Famosos 2 antes de entrar fue Charltote Caniggia\u00bb, indic\u00f3 ir\u00f3nico el periodista junto al hashtag de Gran Hermano, el \u00e9xito demoledor de Telefe que competir\u00e1, justamente, con El Hotel de los Famosos en un fuerte cruce de realities.<\/p>\n\n\n\n<p>Recordemos que Charlotte fue una de las participantes de Qui\u00e9n es la M\u00e1scara?, por lo que le gesto podr\u00eda ser de buena onda con el canal que la alberg\u00f3 recientemente.<\/p>\n","protected":false},"excerpt":{"rendered":"<p>El reality tiene todo listo para arrancar los primeros d\u00edas del 2023. Mir\u00e1. El Hotel de los Famosos 2 ha dado mucho de qu\u00e9 hablar en las \u00faltimas semanas y ya se conoci\u00f3 cu\u00e1ndo ser\u00e1 el estreno en la pantalla de El Trece. El portal televisi\u00f3n.com.ar revel\u00f3 que ser\u00e1 el pr\u00f3ximo lunes 9 de enero, [&hellip;]<\/p>\n","protected":false},"author":3,"featured_media":4692,"comment_status":"closed","ping_status":"closed","sticky":false,"template":"","format":"standard","meta":{"om_disable_all_campaigns":false,"_monsterinsights_skip_tracking":false,"_monsterinsights_sitenote_active":false,"_monsterinsights_sitenote_note":"","_monsterinsights_sitenote_category":0,"footnotes":""},"categories":[7],"tags":[1683,21,1682,1684,814],"class_list":["post-4688","post","type-post","status-publish","format-standard","has-post-thumbnail","hentry","category-espectaculos","tag-chino-leunis","tag-espectaculos","tag-hotel-de-los-famosos","tag-pampita","tag-reality"],"aioseo_notices":[],"amp_enabled":true,"_links":{"self":[{"href":"https:\/\/diariodigitalnea.com\/index.php\/wp-json\/wp\/v2\/posts\/4688","targetHints":{"allow":["GET"]}}],"collection":[{"href":"https:\/\/diariodigitalnea.com\/index.php\/wp-json\/wp\/v2\/posts"}],"about":[{"href":"https:\/\/diariodigitalnea.com\/index.php\/wp-json\/wp\/v2\/types\/post"}],"author":[{"embeddable":true,"href":"https:\/\/diariodigitalnea.com\/index.php\/wp-json\/wp\/v2\/users\/3"}],"replies":[{"embeddable":true,"href":"https:\/\/diariodigitalnea.com\/index.php\/wp-json\/wp\/v2\/comments?post=4688"}],"version-history":[{"count":1,"href":"https:\/\/diariodigitalnea.com\/index.php\/wp-json\/wp\/v2\/posts\/4688\/revisions"}],"predecessor-version":[{"id":4693,"href":"https:\/\/diariodigitalnea.com\/index.php\/wp-json\/wp\/v2\/posts\/4688\/revisions\/4693"}],"wp:featuredmedia":[{"embeddable":true,"href":"https:\/\/diariodigitalnea.com\/index.php\/wp-json\/wp\/v2\/media\/4692"}],"wp:attachment":[{"href":"https:\/\/diariodigitalnea.com\/index.php\/wp-json\/wp\/v2\/media?parent=4688"}],"wp:term":[{"taxonomy":"category","embeddable":true,"href":"https:\/\/diariodigitalnea.com\/index.php\/wp-json\/wp\/v2\/categories?post=4688"},{"taxonomy":"post_tag","embeddable":true,"href":"https:\/\/diariodigitalnea.com\/index.php\/wp-json\/wp\/v2\/tags?post=4688"}],"curies":[{"name":"wp","href":"https:\/\/api.w.org\/{rel}","templated":true}]}}