{"id":4645,"date":"2022-12-25T12:40:46","date_gmt":"2022-12-25T12:40:46","guid":{"rendered":"https:\/\/diariodigitalnea.com\/?p=4645"},"modified":"2022-12-25T12:48:43","modified_gmt":"2022-12-25T12:48:43","slug":"hay-alertan-por-tormentas-aisladas-en-chaco-corrientes-y-santa-fe","status":"publish","type":"post","link":"https:\/\/diariodigitalnea.com\/index.php\/2022\/12\/25\/hay-alertan-por-tormentas-aisladas-en-chaco-corrientes-y-santa-fe\/","title":{"rendered":"Hay alertan por tormentas aisladas en Chaco, Corrientes y Santa Fe"},"content":{"rendered":"\n<p>La advertencia por las inclemencias del tiempo, involucran tambi\u00e9n a las provincias de Chaco y parte de Santa Fe. El aviso advierte que el \u00e1rea ser\u00e1 afectada por tormentas aisladas, algunas de las cuales podr\u00e1n ser localmente fuertes.<\/p>\n\n\n\n<p>En ese marco, se indica que las mismas estar\u00e1n acompa\u00f1adas de r\u00e1fagas, ocasional ca\u00edda de granizo, fuerte actividad el\u00e9ctrica y fundamentalmente abundante ca\u00edda de agua en cortos per\u00edodos.<\/p>\n\n\n\n<p>El parte del organismo meteorol\u00f3gico nacional agrega que se esperan valores de precipitaci\u00f3n acumulada entre 15 y 30 mm, pudiendo ser superados de forma localizada.<\/p>\n\n\n\n<figure class=\"wp-block-image size-large\"><img fetchpriority=\"high\" decoding=\"async\" width=\"991\" height=\"1024\" src=\"http:\/\/diariodigitalnea.com\/wp-content\/uploads\/2022\/12\/smn3-991x1024.jpg\" alt=\"\" class=\"wp-image-4647\" srcset=\"https:\/\/diariodigitalnea.com\/wp-content\/uploads\/2022\/12\/smn3-991x1024.jpg 991w, https:\/\/diariodigitalnea.com\/wp-content\/uploads\/2022\/12\/smn3-290x300.jpg 290w, https:\/\/diariodigitalnea.com\/wp-content\/uploads\/2022\/12\/smn3-768x794.jpg 768w, https:\/\/diariodigitalnea.com\/wp-content\/uploads\/2022\/12\/smn3.jpg 1200w\" sizes=\"(max-width: 991px) 100vw, 991px\" \/><\/figure>\n\n\n\n<p>En Corrientes, en tanto, el parte es para Concepci\u00f3n, Curuz\u00fa Cuati\u00e1, Mercedes, San Roque, Sauce, Ber\u00f3n de Astrada, Capital, Empedrado, General Paz, Itat\u00ed, Mburucuy\u00e1, Saladas, San Cosme, San Luis del Palmar, Bella Vista, Esquina, Goya, Lavalle, General Alvear, Paso de los Libres, San Mart\u00edn y Santo Tom\u00e9.<\/p>\n\n\n\n<p>En Chaco, la alerta es para los departamentos de Chacabuco, Comandante Fern\u00e1ndez, Doce de Octubre, Dos de Abril, Fray Justo Santa Mar\u00eda de Oro, General Belgrano, Independencia, Libertador General San Mart\u00edn, Mayor Luis Jorge Fontana, Nueve de Julio, O\u2019Higgins, Presidencia de la Plaza, Quitilipi, San Lorenzo, Sargento Cabral, Tapenag\u00e1, Veinticinco de Mayo, Bermejo, General Donovan, Libertad, Primero de Mayo y San Fernando.<\/p>\n\n\n\n<p>En Santa Fe, el aviso abarca las localidades de General Obligado, San Javier y Vera<\/p>\n\n\n\n<p><\/p>\n","protected":false},"excerpt":{"rendered":"<p>La advertencia por las inclemencias del tiempo, involucran tambi\u00e9n a las provincias de Chaco y parte de Santa Fe. El aviso advierte que el \u00e1rea ser\u00e1 afectada por tormentas aisladas, algunas de las cuales podr\u00e1n ser localmente fuertes. En ese marco, se indica que las mismas estar\u00e1n acompa\u00f1adas de r\u00e1fagas, ocasional ca\u00edda de granizo, fuerte [&hellip;]<\/p>\n","protected":false},"author":3,"featured_media":4646,"comment_status":"closed","ping_status":"closed","sticky":false,"template":"","format":"standard","meta":{"om_disable_all_campaigns":false,"_monsterinsights_skip_tracking":false,"_monsterinsights_sitenote_active":false,"_monsterinsights_sitenote_note":"","_monsterinsights_sitenote_category":0,"footnotes":""},"categories":[33],"tags":[879,74,63,795,1103],"class_list":["post-4645","post","type-post","status-publish","format-standard","has-post-thumbnail","hentry","category-chaco","tag-alerta-amarilla","tag-chaco","tag-corrientes","tag-santa-fe","tag-tormentas-aisladas"],"aioseo_notices":[],"amp_enabled":true,"_links":{"self":[{"href":"https:\/\/diariodigitalnea.com\/index.php\/wp-json\/wp\/v2\/posts\/4645","targetHints":{"allow":["GET"]}}],"collection":[{"href":"https:\/\/diariodigitalnea.com\/index.php\/wp-json\/wp\/v2\/posts"}],"about":[{"href":"https:\/\/diariodigitalnea.com\/index.php\/wp-json\/wp\/v2\/types\/post"}],"author":[{"embeddable":true,"href":"https:\/\/diariodigitalnea.com\/index.php\/wp-json\/wp\/v2\/users\/3"}],"replies":[{"embeddable":true,"href":"https:\/\/diariodigitalnea.com\/index.php\/wp-json\/wp\/v2\/comments?post=4645"}],"version-history":[{"count":2,"href":"https:\/\/diariodigitalnea.com\/index.php\/wp-json\/wp\/v2\/posts\/4645\/revisions"}],"predecessor-version":[{"id":4649,"href":"https:\/\/diariodigitalnea.com\/index.php\/wp-json\/wp\/v2\/posts\/4645\/revisions\/4649"}],"wp:featuredmedia":[{"embeddable":true,"href":"https:\/\/diariodigitalnea.com\/index.php\/wp-json\/wp\/v2\/media\/4646"}],"wp:attachment":[{"href":"https:\/\/diariodigitalnea.com\/index.php\/wp-json\/wp\/v2\/media?parent=4645"}],"wp:term":[{"taxonomy":"category","embeddable":true,"href":"https:\/\/diariodigitalnea.com\/index.php\/wp-json\/wp\/v2\/categories?post=4645"},{"taxonomy":"post_tag","embeddable":true,"href":"https:\/\/diariodigitalnea.com\/index.php\/wp-json\/wp\/v2\/tags?post=4645"}],"curies":[{"name":"wp","href":"https:\/\/api.w.org\/{rel}","templated":true}]}}