{"id":4554,"date":"2022-12-22T02:42:03","date_gmt":"2022-12-22T02:42:03","guid":{"rendered":"https:\/\/diariodigitalnea.com\/?p=4554"},"modified":"2022-12-22T02:42:04","modified_gmt":"2022-12-22T02:42:04","slug":"por-que-celebramos-navidad-la-verdadera-historia","status":"publish","type":"post","link":"https:\/\/diariodigitalnea.com\/index.php\/2022\/12\/22\/por-que-celebramos-navidad-la-verdadera-historia\/","title":{"rendered":"\u00bfPor qu\u00e9 celebramos Navidad? La verdadera historia"},"content":{"rendered":"\n<p>El pr\u00f3ximo 25 de diciembre, una gran mayor\u00eda de pa\u00edses del mundo celebran Navidad, recordando el nacimiento de Jesucristo. Pero \u00bfc\u00f3mo surge?<\/p>\n\n\n\n<p>Los historiadores tienen informaci\u00f3n certera de que por entonces,\u00a0la \u00e9poca en la que el Imperio Romano se estaba convirtiendo a la religi\u00f3n cristiana oficialmente, tanto aquellos que cre\u00edan en Jes\u00fas como los paganos \u2014que cre\u00edan en m\u00faltiples dioses\u2014 ten\u00edan celebraciones en un mismo d\u00eda: el 25 de diciembre.<\/p>\n\n\n\n<figure class=\"wp-block-image size-full\"><img fetchpriority=\"high\" decoding=\"async\" width=\"999\" height=\"600\" src=\"https:\/\/diariodigitalnea.com\/wp-content\/uploads\/2022\/12\/navi7.jpg\" alt=\"\" class=\"wp-image-4562\" srcset=\"https:\/\/diariodigitalnea.com\/wp-content\/uploads\/2022\/12\/navi7.jpg 999w, https:\/\/diariodigitalnea.com\/wp-content\/uploads\/2022\/12\/navi7-300x180.jpg 300w, https:\/\/diariodigitalnea.com\/wp-content\/uploads\/2022\/12\/navi7-768x461.jpg 768w\" sizes=\"(max-width: 999px) 100vw, 999px\" \/><\/figure>\n\n\n\n<h3 class=\"wp-block-heading\"><strong>POR QU\u00c9 SE EMPIEZA A CELEBRAR LA NAVIDAD<\/strong><\/h3>\n\n\n\n<p>En esa \u00e9poca,\u00a0los cristianos \u00abempiezan a discutir sobre el origen y la humanidad de Jes\u00fas, y entonces empieza a tener importancia no solo celebrar la muerte y la crucifixi\u00f3n, sino tambi\u00e9n el nacimiento\u00bb, dijo a\u00a0<em>CNN,<\/em>\u00a0Lorena P\u00e9rez Yarza, profesora de Historia de las Religiones en la Universidad Carlos III e investigadora posdoctoral.<\/p>\n\n\n\n<p>Ya desde el siglo anterior, el III, se estaban haciendo c\u00e1lculos para determinar cu\u00e1l habr\u00eda sido la fecha del nacimiento de Jes\u00fas y se hab\u00edan barajado distintas alternativas correspondientes a los meses de junio, julio y hasta noviembre, entre otros.<\/p>\n\n\n\n<p>Posteriormente, se fijaron dos fechas que contin\u00faan hasta el d\u00eda de hoy: el 25 de diciembre, la principal, y la que tiene la rama oriental de los ortodoxos que es el 6 de enero.<\/p>\n\n\n\n<figure class=\"wp-block-image size-full is-resized\"><img decoding=\"async\" src=\"https:\/\/diariodigitalnea.com\/wp-content\/uploads\/2022\/12\/nav3-1.jpg\" alt=\"\" class=\"wp-image-4563\" width=\"994\" height=\"594\" srcset=\"https:\/\/diariodigitalnea.com\/wp-content\/uploads\/2022\/12\/nav3-1.jpg 873w, https:\/\/diariodigitalnea.com\/wp-content\/uploads\/2022\/12\/nav3-1-300x179.jpg 300w, https:\/\/diariodigitalnea.com\/wp-content\/uploads\/2022\/12\/nav3-1-768x459.jpg 768w\" sizes=\"(max-width: 994px) 100vw, 994px\" \/><figcaption>Justo cuando acaban las celebraciones de Navidad para la mayor\u00eda de los cristianos con la celebraci\u00f3n de la Epifan\u00eda el 6 de enero, empieza la Navidad para los cristianos de credo ortodoxos<\/figcaption><\/figure>\n\n\n\n<p>Entonces comenzaron los se\u00f1alamientos cruzados entre los cristianos, ya que cada parte defend\u00eda que su fecha era la correcta y que la otra rama se hab\u00eda inventado la suya.<\/p>\n\n\n\n<p>En el marco de esta disputa,\u00a0en la Edad Media los armenios y sirios \u00abacusan a los cat\u00f3licos y ortodoxos de que est\u00e1n copiando una festividad pagana, que no est\u00e1n celebrando el verdadero d\u00eda del nacimiento de Jes\u00fas\u00bb, explic\u00f3 P\u00e9rez.<\/p>\n\n\n\n<p>Y es por eso que en el siglo XIX los historiadores pensaban que la elecci\u00f3n del 25 de diciembre para celebrar la Navidad hab\u00eda surgido originalmente de una fiesta pagana de los romanos. Pero esa hip\u00f3tesis, en el fondo, es el resultado de una disputa entre cristianos que no lograban ponerse de acuerdo, explic\u00f3 P\u00e9rez. Y lo cierto es que, aunque resulte una respuesta simplificada, hoy los expertos todav\u00eda no tienen 100% de certeza en su respuesta a la interrogante.<\/p>\n\n\n\n<h3 class=\"wp-block-heading\"><strong>\u00bfPERO QU\u00c9 CELEBRARAN LOS PAGANOS EN ESAS FECHAS?<\/strong><\/h3>\n\n\n\n<p>Por esas fechas hab\u00eda m\u00faltiples fiestas paganas, entre ellas la Saturnalia, en honor a Saturno, que era una de las m\u00e1s populares del Imperio romano. Sin embargo, el fin de esa celebraci\u00f3n dedicada al dios de la agricultura y de las cosechas era el 23 de diciembre.<\/p>\n\n\n\n<p>Durante esa festividad, tal como explica la Enciclopedia Brit\u00e1nica, \u00abse suspend\u00edan todos los trabajos y negocios. Los esclavos ten\u00edan libertad temporal para decir y hacer lo que quisieran y se suavizaban ciertas restricciones morales\u00bb. Y tambi\u00e9n durante esa celebraci\u00f3n, explic\u00f3 P\u00e9rez, se entregaban regalos, una tradici\u00f3n que tuvo continuidad en la Navidad cristiana.<\/p>\n\n\n\n<figure class=\"wp-block-image size-full is-resized\"><img decoding=\"async\" src=\"https:\/\/diariodigitalnea.com\/wp-content\/uploads\/2022\/12\/navi8.jpg\" alt=\"\" class=\"wp-image-4564\" width=\"983\" height=\"632\" srcset=\"https:\/\/diariodigitalnea.com\/wp-content\/uploads\/2022\/12\/navi8.jpg 938w, https:\/\/diariodigitalnea.com\/wp-content\/uploads\/2022\/12\/navi8-300x193.jpg 300w, https:\/\/diariodigitalnea.com\/wp-content\/uploads\/2022\/12\/navi8-768x494.jpg 768w\" sizes=\"(max-width: 983px) 100vw, 983px\" \/><figcaption>La festividad de Saturnalia un d\u00eda de desenfreno e igualdad, los comerciantes, los obreros, los soldados, esclavos descansaban y disfrutaban de la fiesta; incluso los criminales, puesto que no estaba permitido condenar a nadie mientras duraba la fiesta.<\/figcaption><\/figure>\n\n\n\n<p>El 25, por su parte, hab\u00eda una celebraci\u00f3n importante dedicada al culto solar, un culto que \u00abgan\u00f3 popularidad a finales del Imperio Romano como una forma de alabar al emperador\u00bb,\u00a0seg\u00fan la catedr\u00e1tica. Esta celebraci\u00f3n del Sol Invictus era de gran majestuosidad, con festivales p\u00fablicos en el Circo Romano y carreras.<\/p>\n\n\n\n<p>Lo cierto es que los s\u00edmbolos de ese culto al emperador y del culto cristiano se generaron en una misma cultura y las influencias son notorias. Un ejemplo son las aureolas de los santos, que provienen del culto solar, as\u00ed como las coronas de los reyes medievales y las alusiones a la luz que existen en la simbolog\u00eda cristiana.<\/p>\n\n\n\n<figure class=\"wp-block-image size-full\"><img loading=\"lazy\" decoding=\"async\" width=\"1024\" height=\"375\" src=\"http:\/\/diariodigitalnea.com\/wp-content\/uploads\/2022\/10\/CONSTRUCAL-CON-FABRICA.jpg\" alt=\"\" class=\"wp-image-2241\" srcset=\"https:\/\/diariodigitalnea.com\/wp-content\/uploads\/2022\/10\/CONSTRUCAL-CON-FABRICA.jpg 1024w, https:\/\/diariodigitalnea.com\/wp-content\/uploads\/2022\/10\/CONSTRUCAL-CON-FABRICA-300x110.jpg 300w, https:\/\/diariodigitalnea.com\/wp-content\/uploads\/2022\/10\/CONSTRUCAL-CON-FABRICA-768x281.jpg 768w\" sizes=\"(max-width: 1024px) 100vw, 1024px\" \/><figcaption>Publicidad: ConstruCal Cales hidratas y vivas para uso vial y construcci\u00f3n TEL: 3624602737<\/figcaption><\/figure>\n\n\n\n<p><\/p>\n","protected":false},"excerpt":{"rendered":"<p>El pr\u00f3ximo 25 de diciembre, una gran mayor\u00eda de pa\u00edses del mundo celebran Navidad, recordando el nacimiento de Jesucristo. Pero \u00bfc\u00f3mo surge? Los historiadores tienen informaci\u00f3n certera de que por entonces,\u00a0la \u00e9poca en la que el Imperio Romano se estaba convirtiendo a la religi\u00f3n cristiana oficialmente, tanto aquellos que cre\u00edan en Jes\u00fas como los paganos [&hellip;]<\/p>\n","protected":false},"author":4,"featured_media":4561,"comment_status":"closed","ping_status":"closed","sticky":false,"template":"","format":"standard","meta":{"om_disable_all_campaigns":false,"_monsterinsights_skip_tracking":false,"_monsterinsights_sitenote_active":false,"_monsterinsights_sitenote_note":"","_monsterinsights_sitenote_category":0,"footnotes":""},"categories":[53,95,9],"tags":[1631,1630,1470],"class_list":["post-4554","post","type-post","status-publish","format-standard","has-post-thumbnail","hentry","category-cultura","category-informacion-general","category-internacionales","tag-celebrar","tag-historia","tag-navidad"],"aioseo_notices":[],"amp_enabled":true,"_links":{"self":[{"href":"https:\/\/diariodigitalnea.com\/index.php\/wp-json\/wp\/v2\/posts\/4554","targetHints":{"allow":["GET"]}}],"collection":[{"href":"https:\/\/diariodigitalnea.com\/index.php\/wp-json\/wp\/v2\/posts"}],"about":[{"href":"https:\/\/diariodigitalnea.com\/index.php\/wp-json\/wp\/v2\/types\/post"}],"author":[{"embeddable":true,"href":"https:\/\/diariodigitalnea.com\/index.php\/wp-json\/wp\/v2\/users\/4"}],"replies":[{"embeddable":true,"href":"https:\/\/diariodigitalnea.com\/index.php\/wp-json\/wp\/v2\/comments?post=4554"}],"version-history":[{"count":1,"href":"https:\/\/diariodigitalnea.com\/index.php\/wp-json\/wp\/v2\/posts\/4554\/revisions"}],"predecessor-version":[{"id":4565,"href":"https:\/\/diariodigitalnea.com\/index.php\/wp-json\/wp\/v2\/posts\/4554\/revisions\/4565"}],"wp:featuredmedia":[{"embeddable":true,"href":"https:\/\/diariodigitalnea.com\/index.php\/wp-json\/wp\/v2\/media\/4561"}],"wp:attachment":[{"href":"https:\/\/diariodigitalnea.com\/index.php\/wp-json\/wp\/v2\/media?parent=4554"}],"wp:term":[{"taxonomy":"category","embeddable":true,"href":"https:\/\/diariodigitalnea.com\/index.php\/wp-json\/wp\/v2\/categories?post=4554"},{"taxonomy":"post_tag","embeddable":true,"href":"https:\/\/diariodigitalnea.com\/index.php\/wp-json\/wp\/v2\/tags?post=4554"}],"curies":[{"name":"wp","href":"https:\/\/api.w.org\/{rel}","templated":true}]}}