{"id":4482,"date":"2022-12-20T15:57:37","date_gmt":"2022-12-20T15:57:37","guid":{"rendered":"https:\/\/diariodigitalnea.com\/?p=4482"},"modified":"2022-12-20T15:57:38","modified_gmt":"2022-12-20T15:57:38","slug":"emocionante-caravana-de-la-seleccion-argentina-junto-a-una-multitud","status":"publish","type":"post","link":"https:\/\/diariodigitalnea.com\/index.php\/2022\/12\/20\/emocionante-caravana-de-la-seleccion-argentina-junto-a-una-multitud\/","title":{"rendered":"Emocionante caravana de la Selecci\u00f3n argentina junto a una multitud"},"content":{"rendered":"\n<p>La Selecci\u00f3n argentina, con el capit\u00e1n Lionel Messi a la cabeza, comenz\u00f3 la caravana para\u00a0 celebrar el t\u00edtulo en el Mundial de Qatar 2022 junto a una\u00a0 multitud y en medio de una revoluci\u00f3n popular.<\/p>\n\n\n\n<p>\u00a0\u00a0 El micro parti\u00f3 desde el predio de la Asociaci\u00f3n del F\u00fatbol\u00a0 Argentino (AFA) en Ezeiza una hora antes de lo previsto a ra\u00edz de\u00a0 la marea de gente que sali\u00f3 a las calles para festejar la\u00a0 obtenci\u00f3n de la tercera Copa del Mundo.<\/p>\n\n\n\n<figure class=\"wp-block-image size-large\"><img fetchpriority=\"high\" decoding=\"async\" width=\"1024\" height=\"683\" src=\"http:\/\/diariodigitalnea.com\/wp-content\/uploads\/2022\/12\/caravana45-1024x683.jpg\" alt=\"\" class=\"wp-image-4485\" srcset=\"https:\/\/diariodigitalnea.com\/wp-content\/uploads\/2022\/12\/caravana45-1024x683.jpg 1024w, https:\/\/diariodigitalnea.com\/wp-content\/uploads\/2022\/12\/caravana45-300x200.jpg 300w, https:\/\/diariodigitalnea.com\/wp-content\/uploads\/2022\/12\/caravana45-768x512.jpg 768w, https:\/\/diariodigitalnea.com\/wp-content\/uploads\/2022\/12\/caravana45-900x600.jpg 900w, https:\/\/diariodigitalnea.com\/wp-content\/uploads\/2022\/12\/caravana45.jpg 1417w\" sizes=\"(max-width: 1024px) 100vw, 1024px\" \/><\/figure>\n\n\n\n<p>&nbsp;&nbsp; Miles de personas se congregaron en diferentes puntos del&nbsp; recorrido desde Ezeiza hasta el centro porte\u00f1o, por lo que se&nbsp; despleg\u00f3 un megaoperativo de seguridad para evitar posibles&nbsp; incidentes a lo largo de toda la hist\u00f3rica jornada.<\/p>\n\n\n\n<p>&nbsp;&nbsp; Minutos antes de salir, el presidente de la AFA, Claudio&nbsp; \u2018Chiqui\u2018 Tapia anticip\u00f3 que el plantel se trasladar\u00e1 por \u2018el&nbsp; circuito dispuesto por los organismos de seguridad de Naci\u00f3n,&nbsp; Ciudad y Provincia Buenos Aires\u2018.<\/p>\n\n\n\n<p>\u00a0\u00a0 \u2018Realizaremos el recorrido establecido por autoridades para que\u00a0 los argentinos y argentinas disfruten a los campeones\u2018, agreg\u00f3 el\u00a0 mandatario de la entidad.<\/p>\n\n\n\n<figure class=\"wp-block-image size-large\"><img decoding=\"async\" width=\"1024\" height=\"683\" src=\"http:\/\/diariodigitalnea.com\/wp-content\/uploads\/2022\/12\/caravana46-1024x683.jpg\" alt=\"\" class=\"wp-image-4486\" srcset=\"https:\/\/diariodigitalnea.com\/wp-content\/uploads\/2022\/12\/caravana46-1024x683.jpg 1024w, https:\/\/diariodigitalnea.com\/wp-content\/uploads\/2022\/12\/caravana46-300x200.jpg 300w, https:\/\/diariodigitalnea.com\/wp-content\/uploads\/2022\/12\/caravana46-768x512.jpg 768w, https:\/\/diariodigitalnea.com\/wp-content\/uploads\/2022\/12\/caravana46-900x600.jpg 900w, https:\/\/diariodigitalnea.com\/wp-content\/uploads\/2022\/12\/caravana46.jpg 1389w\" sizes=\"(max-width: 1024px) 100vw, 1024px\" \/><\/figure>\n\n\n\n<p>&nbsp;&nbsp; Los futbolistas y el cuerpo t\u00e9cnico que se consagraron en Qatar&nbsp; arribaron al Aeropuerto Internacional de Ezeiza \u2018Ministro&nbsp; Pistarini\u2018 en el vuelo 1915 de Aerol\u00edneas Argentinas: la aeronave&nbsp; toc\u00f3 pista a las 2:24.<\/p>\n\n\n\n<p>&nbsp;&nbsp; Pese al horario, miles de fan\u00e1ticos se desplegaron en las&nbsp; inmediaciones de la terminal a\u00e9rea para celebrar con los jugadores&nbsp; en el trayecto hasta el predio, mientras que se estima una&nbsp; duraci\u00f3n de al menos ocho horas para los festejos de este martes.<\/p>\n","protected":false},"excerpt":{"rendered":"<p>La Selecci\u00f3n argentina, con el capit\u00e1n Lionel Messi a la cabeza, comenz\u00f3 la caravana para\u00a0 celebrar el t\u00edtulo en el Mundial de Qatar 2022 junto a una\u00a0 multitud y en medio de una revoluci\u00f3n popular. \u00a0\u00a0 El micro parti\u00f3 desde el predio de la Asociaci\u00f3n del F\u00fatbol\u00a0 Argentino (AFA) en Ezeiza una hora antes de [&hellip;]<\/p>\n","protected":false},"author":3,"featured_media":4484,"comment_status":"closed","ping_status":"closed","sticky":false,"template":"","format":"standard","meta":{"om_disable_all_campaigns":false,"_monsterinsights_skip_tracking":false,"_monsterinsights_sitenote_active":false,"_monsterinsights_sitenote_note":"","_monsterinsights_sitenote_category":0,"footnotes":""},"categories":[6],"tags":[708,1431,1563,604,848,241],"class_list":["post-4482","post","type-post","status-publish","format-standard","has-post-thumbnail","hentry","category-deporte","tag-caravana","tag-hinchada","tag-la-scaloneta","tag-lionel-messi","tag-lionel-scaloni","tag-seleccion-argentina"],"aioseo_notices":[],"amp_enabled":true,"_links":{"self":[{"href":"https:\/\/diariodigitalnea.com\/index.php\/wp-json\/wp\/v2\/posts\/4482","targetHints":{"allow":["GET"]}}],"collection":[{"href":"https:\/\/diariodigitalnea.com\/index.php\/wp-json\/wp\/v2\/posts"}],"about":[{"href":"https:\/\/diariodigitalnea.com\/index.php\/wp-json\/wp\/v2\/types\/post"}],"author":[{"embeddable":true,"href":"https:\/\/diariodigitalnea.com\/index.php\/wp-json\/wp\/v2\/users\/3"}],"replies":[{"embeddable":true,"href":"https:\/\/diariodigitalnea.com\/index.php\/wp-json\/wp\/v2\/comments?post=4482"}],"version-history":[{"count":1,"href":"https:\/\/diariodigitalnea.com\/index.php\/wp-json\/wp\/v2\/posts\/4482\/revisions"}],"predecessor-version":[{"id":4487,"href":"https:\/\/diariodigitalnea.com\/index.php\/wp-json\/wp\/v2\/posts\/4482\/revisions\/4487"}],"wp:featuredmedia":[{"embeddable":true,"href":"https:\/\/diariodigitalnea.com\/index.php\/wp-json\/wp\/v2\/media\/4484"}],"wp:attachment":[{"href":"https:\/\/diariodigitalnea.com\/index.php\/wp-json\/wp\/v2\/media?parent=4482"}],"wp:term":[{"taxonomy":"category","embeddable":true,"href":"https:\/\/diariodigitalnea.com\/index.php\/wp-json\/wp\/v2\/categories?post=4482"},{"taxonomy":"post_tag","embeddable":true,"href":"https:\/\/diariodigitalnea.com\/index.php\/wp-json\/wp\/v2\/tags?post=4482"}],"curies":[{"name":"wp","href":"https:\/\/api.w.org\/{rel}","templated":true}]}}