{"id":4458,"date":"2022-12-20T04:12:53","date_gmt":"2022-12-20T04:12:53","guid":{"rendered":"https:\/\/diariodigitalnea.com\/?p=4458"},"modified":"2022-12-20T04:13:24","modified_gmt":"2022-12-20T04:13:24","slug":"barby-franco-y-fernando-burlando-fueron-papas-y-revelaron-el-nombre","status":"publish","type":"post","link":"https:\/\/diariodigitalnea.com\/index.php\/2022\/12\/20\/barby-franco-y-fernando-burlando-fueron-papas-y-revelaron-el-nombre\/","title":{"rendered":"Barby Franco y Fernando Burlando fueron pap\u00e1s y revelaron el nombre"},"content":{"rendered":"\n<p>La modelo y el abogado se sinceraron sobre los nervios previos a la llegada de la peque\u00f1a.<\/p>\n\n\n\n<p>Barby Franco y Fernando Burlando se convirtieron en pap\u00e1s de un nena y dieron la noticia el el domingo 18 de diciembre, en medio de los festejos por el triunfo de Argentina en Qatar. Ya dados de alta, la modelo y el abogado hablaron con LAM (Am\u00e9rica TV) y revelaron el nombre de la peque\u00f1a.<\/p>\n\n\n\n<p>Alejandro Castelo, cronista del programa, fue hasta el Sanatorio Otamendi pata dialogar con los flamantes pap\u00e1s y la \u00fanica condici\u00f3n que pusieron es que no se muestre a la beba en c\u00e1mara.<\/p>\n\n\n\n<figure class=\"wp-block-image size-full\"><img fetchpriority=\"high\" decoding=\"async\" width=\"505\" height=\"505\" src=\"http:\/\/diariodigitalnea.com\/wp-content\/uploads\/2022\/12\/franco.jpg\" alt=\"\" class=\"wp-image-4459\" srcset=\"https:\/\/diariodigitalnea.com\/wp-content\/uploads\/2022\/12\/franco.jpg 505w, https:\/\/diariodigitalnea.com\/wp-content\/uploads\/2022\/12\/franco-300x300.jpg 300w, https:\/\/diariodigitalnea.com\/wp-content\/uploads\/2022\/12\/franco-150x150.jpg 150w, https:\/\/diariodigitalnea.com\/wp-content\/uploads\/2022\/12\/franco-200x200.jpg 200w\" sizes=\"(max-width: 505px) 100vw, 505px\" \/><\/figure>\n\n\n\n<p>\u00abEs Sarah Burlando\u00bb, confirm\u00f3 Barby. \u00abEstuve con muchos nervios al principio. Fue una ces\u00e1rea por unas cuestiones de salud ah\u00ed de por medio, pero super bien, felices. Hoy en d\u00eda es igual al padre\u00bb, agreg\u00f3.<\/p>\n\n\n\n<p>\u00abPas\u00e9 uno de los d\u00edas de mayor nervios en mi vida el d\u00eda previo, me cay\u00f3 todo junto, fue demoledor, la pas\u00e9 muy mal. Estaba nervioso y preocupado por que salga todo bien\u00bb, manifest\u00f3 Burlando.<\/p>\n\n\n\n<p>\u00abYo estaba super tranquila y relajada, pero en alg\u00fan momento se me cruzaron algunas cosas&#8230; pero todo sali\u00f3 impecable como so\u00f1amos\u00bb, asegur\u00f3 la modelo.<\/p>\n\n\n\n<figure class=\"wp-block-image size-full\"><img decoding=\"async\" width=\"385\" height=\"505\" src=\"http:\/\/diariodigitalnea.com\/wp-content\/uploads\/2022\/12\/franco2.jpg\" alt=\"\" class=\"wp-image-4460\" srcset=\"https:\/\/diariodigitalnea.com\/wp-content\/uploads\/2022\/12\/franco2.jpg 385w, https:\/\/diariodigitalnea.com\/wp-content\/uploads\/2022\/12\/franco2-229x300.jpg 229w\" sizes=\"(max-width: 385px) 100vw, 385px\" \/><\/figure>\n\n\n\n<h2 class=\"wp-block-heading\">Barby Franco se convirti\u00f3 en mam\u00e1 por primera vez<\/h2>\n\n\n\n<p>\u00abTe amo, Fernando Burlando, lleg\u00f3 la princesa. \u00a1Somos muy afortunados!\u00bb, escribi\u00f3 la flamante mam\u00e1 emocionada junto a la foto del momento del nacimiento de la peque\u00f1a.<\/p>\n\n\n\n<p>Luego, la famosa comparti\u00f3 en sus historias de Instagram una postal junto a la ni\u00f1a entre sus brazos, pero sin mostrar su cara.<\/p>\n","protected":false},"excerpt":{"rendered":"<p>La modelo y el abogado se sinceraron sobre los nervios previos a la llegada de la peque\u00f1a. Barby Franco y Fernando Burlando se convirtieron en pap\u00e1s de un nena y dieron la noticia el el domingo 18 de diciembre, en medio de los festejos por el triunfo de Argentina en Qatar. Ya dados de alta, [&hellip;]<\/p>\n","protected":false},"author":3,"featured_media":4461,"comment_status":"closed","ping_status":"closed","sticky":false,"template":"","format":"standard","meta":{"om_disable_all_campaigns":false,"_monsterinsights_skip_tracking":false,"_monsterinsights_sitenote_active":false,"_monsterinsights_sitenote_note":"","_monsterinsights_sitenote_category":0,"footnotes":""},"categories":[7],"tags":[1596,1598,21,1597],"class_list":["post-4458","post","type-post","status-publish","format-standard","has-post-thumbnail","hentry","category-espectaculos","tag-barby-franco","tag-beba","tag-espectaculos","tag-fernando-burlando"],"aioseo_notices":[],"amp_enabled":true,"_links":{"self":[{"href":"https:\/\/diariodigitalnea.com\/index.php\/wp-json\/wp\/v2\/posts\/4458","targetHints":{"allow":["GET"]}}],"collection":[{"href":"https:\/\/diariodigitalnea.com\/index.php\/wp-json\/wp\/v2\/posts"}],"about":[{"href":"https:\/\/diariodigitalnea.com\/index.php\/wp-json\/wp\/v2\/types\/post"}],"author":[{"embeddable":true,"href":"https:\/\/diariodigitalnea.com\/index.php\/wp-json\/wp\/v2\/users\/3"}],"replies":[{"embeddable":true,"href":"https:\/\/diariodigitalnea.com\/index.php\/wp-json\/wp\/v2\/comments?post=4458"}],"version-history":[{"count":1,"href":"https:\/\/diariodigitalnea.com\/index.php\/wp-json\/wp\/v2\/posts\/4458\/revisions"}],"predecessor-version":[{"id":4462,"href":"https:\/\/diariodigitalnea.com\/index.php\/wp-json\/wp\/v2\/posts\/4458\/revisions\/4462"}],"wp:featuredmedia":[{"embeddable":true,"href":"https:\/\/diariodigitalnea.com\/index.php\/wp-json\/wp\/v2\/media\/4461"}],"wp:attachment":[{"href":"https:\/\/diariodigitalnea.com\/index.php\/wp-json\/wp\/v2\/media?parent=4458"}],"wp:term":[{"taxonomy":"category","embeddable":true,"href":"https:\/\/diariodigitalnea.com\/index.php\/wp-json\/wp\/v2\/categories?post=4458"},{"taxonomy":"post_tag","embeddable":true,"href":"https:\/\/diariodigitalnea.com\/index.php\/wp-json\/wp\/v2\/tags?post=4458"}],"curies":[{"name":"wp","href":"https:\/\/api.w.org\/{rel}","templated":true}]}}