{"id":4380,"date":"2022-12-18T14:01:33","date_gmt":"2022-12-18T14:01:33","guid":{"rendered":"https:\/\/diariodigitalnea.com\/?p=4380"},"modified":"2022-12-18T14:01:34","modified_gmt":"2022-12-18T14:01:34","slug":"suspenden-el-servicio-de-transporte-publico-en-el-chaco-durante-la-final-argentina-vs-francia","status":"publish","type":"post","link":"https:\/\/diariodigitalnea.com\/index.php\/2022\/12\/18\/suspenden-el-servicio-de-transporte-publico-en-el-chaco-durante-la-final-argentina-vs-francia\/","title":{"rendered":"Suspenden el servicio de transporte p\u00fablico en el Chaco durante la final Argentina vs. Francia"},"content":{"rendered":"\n<p><br>La Subsecretar\u00eda de Transporte inform\u00f3 que este domingo se suspender\u00e1 el servicio de colectivos urbanos e interurbanos desde las 12.30 hasta las 15, en consonancia con el rango horario que se disputar\u00e1 la final del Mundial de Qatar entre Argentina y Francia.<\/p>\n\n\n\n<p>Si bien es cierto que el pa\u00eds se encontrar\u00e1 paralizado por el partido de f\u00fatbol, habr\u00e1 que tomar los recaudos necesarios para quienes precisen de este medio de movilidad en esa franja horaria.<\/p>\n\n\n\n<figure class=\"wp-block-image size-full\"><img fetchpriority=\"high\" decoding=\"async\" width=\"474\" height=\"264\" src=\"http:\/\/diariodigitalnea.com\/wp-content\/uploads\/2022\/12\/colectivo9.jpg\" alt=\"\" class=\"wp-image-4381\" srcset=\"https:\/\/diariodigitalnea.com\/wp-content\/uploads\/2022\/12\/colectivo9.jpg 474w, https:\/\/diariodigitalnea.com\/wp-content\/uploads\/2022\/12\/colectivo9-300x167.jpg 300w\" sizes=\"(max-width: 474px) 100vw, 474px\" \/><\/figure>\n\n\n\n<p>Desde ese organismo del gobierno indicaron que las l\u00edneas cuando retomen la actividad no ingresar\u00e1n al macrocentro, en raz\u00f3n de que en caso de un triunfo argentino evitar\u00e1n las calles en las que puedan concentrarse los hinchas por los festejos.<\/p>\n","protected":false},"excerpt":{"rendered":"<p>La Subsecretar\u00eda de Transporte inform\u00f3 que este domingo se suspender\u00e1 el servicio de colectivos urbanos e interurbanos desde las 12.30 hasta las 15, en consonancia con el rango horario que se disputar\u00e1 la final del Mundial de Qatar entre Argentina y Francia. Si bien es cierto que el pa\u00eds se encontrar\u00e1 paralizado por el partido [&hellip;]<\/p>\n","protected":false},"author":3,"featured_media":4382,"comment_status":"closed","ping_status":"closed","sticky":false,"template":"","format":"standard","meta":{"om_disable_all_campaigns":false,"_monsterinsights_skip_tracking":false,"_monsterinsights_sitenote_active":false,"_monsterinsights_sitenote_note":"","_monsterinsights_sitenote_category":0,"footnotes":""},"categories":[33],"tags":[74,1220,241,38],"class_list":["post-4380","post","type-post","status-publish","format-standard","has-post-thumbnail","hentry","category-chaco","tag-chaco","tag-mundial-qatar-2022","tag-seleccion-argentina","tag-transporte-publico"],"aioseo_notices":[],"amp_enabled":true,"_links":{"self":[{"href":"https:\/\/diariodigitalnea.com\/index.php\/wp-json\/wp\/v2\/posts\/4380","targetHints":{"allow":["GET"]}}],"collection":[{"href":"https:\/\/diariodigitalnea.com\/index.php\/wp-json\/wp\/v2\/posts"}],"about":[{"href":"https:\/\/diariodigitalnea.com\/index.php\/wp-json\/wp\/v2\/types\/post"}],"author":[{"embeddable":true,"href":"https:\/\/diariodigitalnea.com\/index.php\/wp-json\/wp\/v2\/users\/3"}],"replies":[{"embeddable":true,"href":"https:\/\/diariodigitalnea.com\/index.php\/wp-json\/wp\/v2\/comments?post=4380"}],"version-history":[{"count":1,"href":"https:\/\/diariodigitalnea.com\/index.php\/wp-json\/wp\/v2\/posts\/4380\/revisions"}],"predecessor-version":[{"id":4383,"href":"https:\/\/diariodigitalnea.com\/index.php\/wp-json\/wp\/v2\/posts\/4380\/revisions\/4383"}],"wp:featuredmedia":[{"embeddable":true,"href":"https:\/\/diariodigitalnea.com\/index.php\/wp-json\/wp\/v2\/media\/4382"}],"wp:attachment":[{"href":"https:\/\/diariodigitalnea.com\/index.php\/wp-json\/wp\/v2\/media?parent=4380"}],"wp:term":[{"taxonomy":"category","embeddable":true,"href":"https:\/\/diariodigitalnea.com\/index.php\/wp-json\/wp\/v2\/categories?post=4380"},{"taxonomy":"post_tag","embeddable":true,"href":"https:\/\/diariodigitalnea.com\/index.php\/wp-json\/wp\/v2\/tags?post=4380"}],"curies":[{"name":"wp","href":"https:\/\/api.w.org\/{rel}","templated":true}]}}