{"id":4347,"date":"2022-12-17T03:41:50","date_gmt":"2022-12-17T03:41:50","guid":{"rendered":"https:\/\/diariodigitalnea.com\/?p=4347"},"modified":"2022-12-17T03:42:15","modified_gmt":"2022-12-17T03:42:15","slug":"alejandra-maglietti-lucio-una-microbikini-innovadora-que-marcara-tendencia-en-el-verano","status":"publish","type":"post","link":"https:\/\/diariodigitalnea.com\/index.php\/2022\/12\/17\/alejandra-maglietti-lucio-una-microbikini-innovadora-que-marcara-tendencia-en-el-verano\/","title":{"rendered":"Alejandra Maglietti luci\u00f3 una microbikini innovadora que marcar\u00e1 tendencia en el verano"},"content":{"rendered":"\n<p>La abogada comparti\u00f3 en su Instagram una imagen con un dise\u00f1o vanguardista de su traje de ba\u00f1o dorado que ser\u00e1 furor en la pr\u00f3xima temporada.<\/p>\n\n\n\n<p>Una de las modelos m\u00e1s disruptivas es Alejandra Maglietti ya que suele innovar con cada uno de sus looks y con una microbikini no iba a ser la excepci\u00f3n. Luci\u00f3 un traje de ba\u00f1o con un dise\u00f1o diferente que tiene tejidos en la parte del cuello y la parte inferior al estilo pareo.<\/p>\n\n\n\n<figure class=\"wp-block-image size-full\"><img fetchpriority=\"high\" decoding=\"async\" width=\"790\" height=\"987\" src=\"http:\/\/diariodigitalnea.com\/wp-content\/uploads\/2022\/12\/01.jpg\" alt=\"\" class=\"wp-image-4348\" srcset=\"https:\/\/diariodigitalnea.com\/wp-content\/uploads\/2022\/12\/01.jpg 790w, https:\/\/diariodigitalnea.com\/wp-content\/uploads\/2022\/12\/01-240x300.jpg 240w, https:\/\/diariodigitalnea.com\/wp-content\/uploads\/2022\/12\/01-768x960.jpg 768w\" sizes=\"(max-width: 790px) 100vw, 790px\" \/><\/figure>\n\n\n\n<p>Eligi\u00f3 un corpi\u00f1o tradicional en forma de tri\u00e1ngulo con tiras hacia el cuello y la espalda, pero en lugar de usar una tradicional colaless utiliz\u00f3 una pollera con tejidos color marr\u00f3n claro con tiras largas que llegan hasta las rodillas.<\/p>\n\n\n\n<figure class=\"wp-block-image size-full\"><img decoding=\"async\" width=\"790\" height=\"987\" src=\"http:\/\/diariodigitalnea.com\/wp-content\/uploads\/2022\/12\/02.jpg\" alt=\"\" class=\"wp-image-4349\" srcset=\"https:\/\/diariodigitalnea.com\/wp-content\/uploads\/2022\/12\/02.jpg 790w, https:\/\/diariodigitalnea.com\/wp-content\/uploads\/2022\/12\/02-240x300.jpg 240w, https:\/\/diariodigitalnea.com\/wp-content\/uploads\/2022\/12\/02-768x960.jpg 768w\" sizes=\"(max-width: 790px) 100vw, 790px\" \/><\/figure>\n\n\n\n<p>Tambi\u00e9n, en el cuello luci\u00f3 el mismo tejido del mismo color alrededor del cuello y los hombros. El resto del look estuvo acompa\u00f1ado por el pelo suelto y bucles, un maquillaje con sombras del mismo tono de la microbikini y u\u00f1as blancas.<\/p>\n\n\n\n<figure class=\"wp-block-image size-full\"><img decoding=\"async\" width=\"790\" height=\"987\" src=\"http:\/\/diariodigitalnea.com\/wp-content\/uploads\/2022\/12\/03.jpg\" alt=\"\" class=\"wp-image-4350\" srcset=\"https:\/\/diariodigitalnea.com\/wp-content\/uploads\/2022\/12\/03.jpg 790w, https:\/\/diariodigitalnea.com\/wp-content\/uploads\/2022\/12\/03-240x300.jpg 240w, https:\/\/diariodigitalnea.com\/wp-content\/uploads\/2022\/12\/03-768x960.jpg 768w\" sizes=\"(max-width: 790px) 100vw, 790px\" \/><\/figure>\n\n\n\n<p>La abogada y panelista de Bendita suele compartir sus vestuarios y, este jueves port\u00f3 un impresionante vestido con tul para la noche de bendita. Un corset tambi\u00e9n con detalles dorados y una pollera blanca hasta el suelo.<\/p>\n","protected":false},"excerpt":{"rendered":"<p>La abogada comparti\u00f3 en su Instagram una imagen con un dise\u00f1o vanguardista de su traje de ba\u00f1o dorado que ser\u00e1 furor en la pr\u00f3xima temporada. Una de las modelos m\u00e1s disruptivas es Alejandra Maglietti ya que suele innovar con cada uno de sus looks y con una microbikini no iba a ser la excepci\u00f3n. Luci\u00f3 [&hellip;]<\/p>\n","protected":false},"author":3,"featured_media":4351,"comment_status":"closed","ping_status":"closed","sticky":false,"template":"","format":"standard","meta":{"om_disable_all_campaigns":false,"_monsterinsights_skip_tracking":false,"_monsterinsights_sitenote_active":false,"_monsterinsights_sitenote_note":"","_monsterinsights_sitenote_category":0,"footnotes":""},"categories":[7],"tags":[1567,1570,1568,449,1207,1569,545],"class_list":["post-4347","post","type-post","status-publish","format-standard","has-post-thumbnail","hentry","category-espectaculos","tag-alejandra-maglietti","tag-diseno-vanguardista","tag-microbikini","tag-moda","tag-outfit","tag-tendencia-2023","tag-verano-2023"],"aioseo_notices":[],"amp_enabled":true,"_links":{"self":[{"href":"https:\/\/diariodigitalnea.com\/index.php\/wp-json\/wp\/v2\/posts\/4347","targetHints":{"allow":["GET"]}}],"collection":[{"href":"https:\/\/diariodigitalnea.com\/index.php\/wp-json\/wp\/v2\/posts"}],"about":[{"href":"https:\/\/diariodigitalnea.com\/index.php\/wp-json\/wp\/v2\/types\/post"}],"author":[{"embeddable":true,"href":"https:\/\/diariodigitalnea.com\/index.php\/wp-json\/wp\/v2\/users\/3"}],"replies":[{"embeddable":true,"href":"https:\/\/diariodigitalnea.com\/index.php\/wp-json\/wp\/v2\/comments?post=4347"}],"version-history":[{"count":1,"href":"https:\/\/diariodigitalnea.com\/index.php\/wp-json\/wp\/v2\/posts\/4347\/revisions"}],"predecessor-version":[{"id":4352,"href":"https:\/\/diariodigitalnea.com\/index.php\/wp-json\/wp\/v2\/posts\/4347\/revisions\/4352"}],"wp:featuredmedia":[{"embeddable":true,"href":"https:\/\/diariodigitalnea.com\/index.php\/wp-json\/wp\/v2\/media\/4351"}],"wp:attachment":[{"href":"https:\/\/diariodigitalnea.com\/index.php\/wp-json\/wp\/v2\/media?parent=4347"}],"wp:term":[{"taxonomy":"category","embeddable":true,"href":"https:\/\/diariodigitalnea.com\/index.php\/wp-json\/wp\/v2\/categories?post=4347"},{"taxonomy":"post_tag","embeddable":true,"href":"https:\/\/diariodigitalnea.com\/index.php\/wp-json\/wp\/v2\/tags?post=4347"}],"curies":[{"name":"wp","href":"https:\/\/api.w.org\/{rel}","templated":true}]}}