{"id":4333,"date":"2022-12-17T01:52:29","date_gmt":"2022-12-17T01:52:29","guid":{"rendered":"https:\/\/diariodigitalnea.com\/?p=4333"},"modified":"2022-12-17T01:52:30","modified_gmt":"2022-12-17T01:52:30","slug":"las-pymes-advierten-que-no-podran-pagar-el-bono","status":"publish","type":"post","link":"https:\/\/diariodigitalnea.com\/index.php\/2022\/12\/17\/las-pymes-advierten-que-no-podran-pagar-el-bono\/","title":{"rendered":"Las Pymes advierten que no podr\u00e1n pagar el bono"},"content":{"rendered":"\n<p>Desde la Confederaci\u00f3n Argentina de la Mediana Empresa expresaron que los microemprendimientos no podr\u00e1n afrontar el bono que impone el Gobierno.<\/p>\n\n\n\n<p>La Confederaci\u00f3n Argentina de la Mediana Empresa (CAME) manifest\u00f3 su preocupaci\u00f3n ante la decisi\u00f3n por parte del Gobierno nacional de otorgar un bono obligatorio de 24 mil pesos, para trabajadores del sector privado con ingresos netos de hasta tres salarios m\u00ednimos.<br>\u201cEs claro que nuestros colaboradores perdieron poder adquisitivo por la inflaci\u00f3n, pero el marco correcto para recuperarlo son las paritarias, muchas de ellas a\u00fan abiertas, como es el caso de la mercantil, la m\u00e1s grande del pa\u00eds\u201d, dijo el presidente de CAME, Alfredo Gonz\u00e1lez.<\/p>\n\n\n\n<p><br>En un contexto de cinco meses consecutivos de baja de ventas minoristas y con negociaciones abiertas con el gremio para definir el segundo tramo de actualizaciones salariales por inflaci\u00f3n, desde CAME aseguran que las pymes no est\u00e1n en condiciones de afrontar el pago del bono.<\/p>\n\n\n\n<p>\u201cMayor poder adquisitivo podr\u00eda dinamizar el consumo interno. Pero la situaci\u00f3n para las pymes no es sencilla, porque este mes tambi\u00e9n se debe abonar el segundo medio aguinaldo\u201d, enfatiz\u00f3 Gonz\u00e1lez.<\/p>\n\n\n\n<figure class=\"wp-block-image size-full is-resized\"><img fetchpriority=\"high\" decoding=\"async\" src=\"https:\/\/diariodigitalnea.com\/wp-content\/uploads\/2022\/12\/py2.jpg\" alt=\"\" class=\"wp-image-4335\" width=\"983\" height=\"650\" srcset=\"https:\/\/diariodigitalnea.com\/wp-content\/uploads\/2022\/12\/py2.jpg 934w, https:\/\/diariodigitalnea.com\/wp-content\/uploads\/2022\/12\/py2-300x199.jpg 300w, https:\/\/diariodigitalnea.com\/wp-content\/uploads\/2022\/12\/py2-768x508.jpg 768w\" sizes=\"(max-width: 983px) 100vw, 983px\" \/><\/figure>\n\n\n\n<p>\u201cMuchas de las pymes que representamos son monotributistas y no podr\u00e1n soportar el impacto financiero de esta medida, ya que el mecanismo de deducci\u00f3n del 50% del bono en el Impuesto a las Ganancias no las contempla\u201d, continu\u00f3 Gonz\u00e1lez y agreg\u00f3: \u201cAs\u00ed, los empresarios debemos hacernos responsables de la erosi\u00f3n salarial por la inflaci\u00f3n. Sin embargo, nosotros sufrimos sus consecuencias al igual que los trabajadores\u201d.<br>Cabe destacar que CAME es una de las entidades empresarias que participa de la paritaria que beneficia a 1.200.000 trabajadores mercantiles; la m\u00e1s grande del pa\u00eds. \u201cExhortamos al Gobierno nacional a revisar esta medida e incluir cualquier iniciativa similar, en el marco de la negociaci\u00f3n sindical-empresaria que ha demostrado su eficacia, a lo largo de los muchos a\u00f1os de vigencia\u201d, finaliz\u00f3 Gonz\u00e1lez.<\/p>\n\n\n\n<figure class=\"wp-block-image size-large\"><img decoding=\"async\" width=\"1024\" height=\"680\" src=\"https:\/\/diariodigitalnea.com\/wp-content\/uploads\/2022\/12\/py-1024x680.jpg\" alt=\"\" class=\"wp-image-4336\" srcset=\"https:\/\/diariodigitalnea.com\/wp-content\/uploads\/2022\/12\/py-1024x680.jpg 1024w, https:\/\/diariodigitalnea.com\/wp-content\/uploads\/2022\/12\/py-300x199.jpg 300w, https:\/\/diariodigitalnea.com\/wp-content\/uploads\/2022\/12\/py-768x510.jpg 768w, https:\/\/diariodigitalnea.com\/wp-content\/uploads\/2022\/12\/py.jpg 1300w\" sizes=\"(max-width: 1024px) 100vw, 1024px\" \/><\/figure>\n\n\n\n<p><br>BONO DE FIN DE A\u00d1O<br>Finalmente, tras varias idas y venidas, el Gobierno nacional anunci\u00f3 este mi\u00e9rcoles un bono de fin de a\u00f1o de $24.000, que ser\u00e1 en un pago y por \u00fanica vez, en diciembre, para trabajadores privados que cobren hasta $180.000.<br>El anuncio fue realizado en conferencia de prensa, en Casa de Gobierno, por las ministras de Trabajo, Raquel \u00abKelly\u00bb Olmos, y de Desarrollo Social, Victoria Tolosa Paz.<\/p>\n\n\n\n<p><br>La ministra de Trabajo explic\u00f3 que el beneficio ser\u00e1 \u00abpara aquellos trabajadores en relaci\u00f3n de dependencia cuyos ingresos a diciembre asciendan, por todo concepto, menos el aguinaldo, a tres salarios m\u00ednimos vital y m\u00f3vil\u00bb, y aclar\u00f3 que el pago del bono estar\u00e1 a cargo de las empresas.<\/p>\n\n\n\n<p><br>\u00abEse bono ser\u00e1 el producto, adem\u00e1s, de un esfuerzo compartido con el Estado en el caso de las empresas PyME, donde este absorber\u00e1 el 50% del costo a trav\u00e9s de la deducci\u00f3n de los anticipos de impuesto a las ganancias\u00bb, afirm\u00f3 la funcionaria.<br>Adem\u00e1s, la ministra detall\u00f3 que depender\u00e1 de los convenios colectivos de trabajo si otros bonos ya entregados por decisi\u00f3n de las empresas absorben este, al tiempo que aclar\u00f3 que no ser\u00e1 tarea del Estado el cumplimiento del pago de este bono.<br>En las \u00faltimas horas, el Gobierno hab\u00eda dejado trascender que la decisi\u00f3n del otorgar el bono estaba tomada, y que el anuncio era inminente.<\/p>\n\n\n\n<figure class=\"wp-block-image size-full is-resized\"><img decoding=\"async\" src=\"https:\/\/diariodigitalnea.com\/wp-content\/uploads\/2022\/12\/py4.jpg\" alt=\"\" class=\"wp-image-4337\" width=\"966\" height=\"656\" srcset=\"https:\/\/diariodigitalnea.com\/wp-content\/uploads\/2022\/12\/py4.jpg 865w, https:\/\/diariodigitalnea.com\/wp-content\/uploads\/2022\/12\/py4-300x204.jpg 300w, https:\/\/diariodigitalnea.com\/wp-content\/uploads\/2022\/12\/py4-768x521.jpg 768w\" sizes=\"(max-width: 966px) 100vw, 966px\" \/><\/figure>\n\n\n\n<p>BONO PARA BENEFICIARIOS DEL PLAN POTENCIAR TRABAJO<br>Por su parte, Victoria Tolosa Paz anunci\u00f3 otro bono, en este caso de $13.500, para beneficiarios del programa Potenciar Trabajo.<br>En este caso, ser\u00e1 abonado en dos cuotas, una el 21 de diciembre y otra el 6 de enero de 2023, cada una de $6750.<\/p>\n\n\n\n<figure class=\"wp-block-image size-full\"><img loading=\"lazy\" decoding=\"async\" width=\"1024\" height=\"375\" src=\"http:\/\/diariodigitalnea.com\/wp-content\/uploads\/2022\/10\/CONSTRUCAL-CON-FABRICA.jpg\" alt=\"\" class=\"wp-image-2241\" srcset=\"https:\/\/diariodigitalnea.com\/wp-content\/uploads\/2022\/10\/CONSTRUCAL-CON-FABRICA.jpg 1024w, https:\/\/diariodigitalnea.com\/wp-content\/uploads\/2022\/10\/CONSTRUCAL-CON-FABRICA-300x110.jpg 300w, https:\/\/diariodigitalnea.com\/wp-content\/uploads\/2022\/10\/CONSTRUCAL-CON-FABRICA-768x281.jpg 768w\" sizes=\"(max-width: 1024px) 100vw, 1024px\" \/><figcaption>Publicidad: ConstruCal Cales hidratas y vivas para uso vial y construcci\u00f3n TEL: 3624602737<\/figcaption><\/figure>\n","protected":false},"excerpt":{"rendered":"<p>Desde la Confederaci\u00f3n Argentina de la Mediana Empresa expresaron que los microemprendimientos no podr\u00e1n afrontar el bono que impone el Gobierno. La Confederaci\u00f3n Argentina de la Mediana Empresa (CAME) manifest\u00f3 su preocupaci\u00f3n ante la decisi\u00f3n por parte del Gobierno nacional de otorgar un bono obligatorio de 24 mil pesos, para trabajadores del sector privado con [&hellip;]<\/p>\n","protected":false},"author":4,"featured_media":4334,"comment_status":"closed","ping_status":"closed","sticky":false,"template":"","format":"standard","meta":{"om_disable_all_campaigns":false,"_monsterinsights_skip_tracking":false,"_monsterinsights_sitenote_active":false,"_monsterinsights_sitenote_note":"","_monsterinsights_sitenote_category":0,"footnotes":""},"categories":[33,5,4],"tags":[1120,1562,1561],"class_list":["post-4333","post","type-post","status-publish","format-standard","has-post-thumbnail","hentry","category-chaco","category-economia","category-politica","tag-bono","tag-pagar","tag-pymes"],"aioseo_notices":[],"amp_enabled":true,"_links":{"self":[{"href":"https:\/\/diariodigitalnea.com\/index.php\/wp-json\/wp\/v2\/posts\/4333","targetHints":{"allow":["GET"]}}],"collection":[{"href":"https:\/\/diariodigitalnea.com\/index.php\/wp-json\/wp\/v2\/posts"}],"about":[{"href":"https:\/\/diariodigitalnea.com\/index.php\/wp-json\/wp\/v2\/types\/post"}],"author":[{"embeddable":true,"href":"https:\/\/diariodigitalnea.com\/index.php\/wp-json\/wp\/v2\/users\/4"}],"replies":[{"embeddable":true,"href":"https:\/\/diariodigitalnea.com\/index.php\/wp-json\/wp\/v2\/comments?post=4333"}],"version-history":[{"count":1,"href":"https:\/\/diariodigitalnea.com\/index.php\/wp-json\/wp\/v2\/posts\/4333\/revisions"}],"predecessor-version":[{"id":4338,"href":"https:\/\/diariodigitalnea.com\/index.php\/wp-json\/wp\/v2\/posts\/4333\/revisions\/4338"}],"wp:featuredmedia":[{"embeddable":true,"href":"https:\/\/diariodigitalnea.com\/index.php\/wp-json\/wp\/v2\/media\/4334"}],"wp:attachment":[{"href":"https:\/\/diariodigitalnea.com\/index.php\/wp-json\/wp\/v2\/media?parent=4333"}],"wp:term":[{"taxonomy":"category","embeddable":true,"href":"https:\/\/diariodigitalnea.com\/index.php\/wp-json\/wp\/v2\/categories?post=4333"},{"taxonomy":"post_tag","embeddable":true,"href":"https:\/\/diariodigitalnea.com\/index.php\/wp-json\/wp\/v2\/tags?post=4333"}],"curies":[{"name":"wp","href":"https:\/\/api.w.org\/{rel}","templated":true}]}}