{"id":4276,"date":"2022-12-15T00:54:26","date_gmt":"2022-12-15T00:54:26","guid":{"rendered":"https:\/\/diariodigitalnea.com\/?p=4276"},"modified":"2022-12-15T00:54:27","modified_gmt":"2022-12-15T00:54:27","slug":"quien-es-la-novia-transgenero-del-galan-de-francia-kylian-mbappe","status":"publish","type":"post","link":"https:\/\/diariodigitalnea.com\/index.php\/2022\/12\/15\/quien-es-la-novia-transgenero-del-galan-de-francia-kylian-mbappe\/","title":{"rendered":"Qui\u00e9n es la novia transg\u00e9nero del gal\u00e1n de Francia, Kylian Mbapp\u00e9"},"content":{"rendered":"\n<p>Kylian Mbapp\u00e9 es una de las principales figuras de la Selecci\u00f3n francesa que este domingo ser\u00e1 el rival de Argentina en la final del Mundial Qatar 2022. Sin embargo esta no es la noticia que se viraliz\u00f3 en las \u00faltimas horas, sino una que tiene que ver con un posible romance con una conocida modelo trans de 32 a\u00f1os<\/p>\n\n\n\n<p>El deportista se convirti\u00f3 en uno de los galanes del seleccionado y tambi\u00e9n quien debi\u00f3 enfrentar de un nuevo romance que provoc\u00f3 comentarios en redes sociales.<\/p>\n\n\n\n<figure class=\"wp-block-image size-large\"><img fetchpriority=\"high\" decoding=\"async\" width=\"1024\" height=\"538\" src=\"http:\/\/diariodigitalnea.com\/wp-content\/uploads\/2022\/12\/mbappe7-1024x538.jpg\" alt=\"\" class=\"wp-image-4282\" srcset=\"https:\/\/diariodigitalnea.com\/wp-content\/uploads\/2022\/12\/mbappe7-1024x538.jpg 1024w, https:\/\/diariodigitalnea.com\/wp-content\/uploads\/2022\/12\/mbappe7-300x158.jpg 300w, https:\/\/diariodigitalnea.com\/wp-content\/uploads\/2022\/12\/mbappe7-768x403.jpg 768w, https:\/\/diariodigitalnea.com\/wp-content\/uploads\/2022\/12\/mbappe7.jpg 1200w\" sizes=\"(max-width: 1024px) 100vw, 1024px\" \/><\/figure>\n\n\n\n<p>Al parecer, el deportista es vinculado a In\u00e9s Rau, una&nbsp; modelo trans de 32 a\u00f1os, quien habr\u00eda confirmado el amor\u00edo con la estrella. \u201cAl fin encontr\u00e9 un novio que me acepta como soy\u201d dijo la morocha en la revista ELLE.<\/p>\n\n\n\n<p>Aunque la pareja no confirm\u00f3 las versiones, algunos medios lograron captar a\u00a0 Kylian Mbapp\u00e9\u00a0 y Rau paseando por las playas europeas.<\/p>\n\n\n\n<figure class=\"wp-block-image size-full\"><img decoding=\"async\" width=\"474\" height=\"386\" src=\"http:\/\/diariodigitalnea.com\/wp-content\/uploads\/2022\/12\/mbappe4.jpg\" alt=\"\" class=\"wp-image-4279\" srcset=\"https:\/\/diariodigitalnea.com\/wp-content\/uploads\/2022\/12\/mbappe4.jpg 474w, https:\/\/diariodigitalnea.com\/wp-content\/uploads\/2022\/12\/mbappe4-300x244.jpg 300w\" sizes=\"(max-width: 474px) 100vw, 474px\" \/><\/figure>\n\n\n\n<h2 class=\"wp-block-heading\">In\u00e9s Rau, s\u00edmbolo LGBT y activista social<\/h2>\n\n\n\n<p>\u00bfQui\u00e9n es la novia de Mbapp\u00e9? Durante el \u00faltimo a\u00f1o, la prensa ha ligado a Mbapp\u00e9 con la modelo In\u00e9s Rau, a quien conoci\u00f3 cuando asisti\u00f3 al Festival de Cannes. En ese tiempo, el delantero galo segu\u00eda en una relaci\u00f3n con la actriz francesa Emma Smet, pero meses despu\u00e9s saldr\u00edan las primeras im\u00e1genes con Rau.<\/p>\n\n\n\n<figure class=\"wp-block-image size-large\"><img decoding=\"async\" width=\"893\" height=\"1024\" src=\"http:\/\/diariodigitalnea.com\/wp-content\/uploads\/2022\/12\/mbappe2-893x1024.jpg\" alt=\"\" class=\"wp-image-4277\" srcset=\"https:\/\/diariodigitalnea.com\/wp-content\/uploads\/2022\/12\/mbappe2-893x1024.jpg 893w, https:\/\/diariodigitalnea.com\/wp-content\/uploads\/2022\/12\/mbappe2-262x300.jpg 262w, https:\/\/diariodigitalnea.com\/wp-content\/uploads\/2022\/12\/mbappe2-768x881.jpg 768w, https:\/\/diariodigitalnea.com\/wp-content\/uploads\/2022\/12\/mbappe2.jpg 900w\" sizes=\"(max-width: 893px) 100vw, 893px\" \/><\/figure>\n\n\n\n<p>Ya desde 2022, a Mbapp\u00e9 se le ha visto m\u00e1s que cercano con la modelo de 32 a\u00f1os, que en 2017 fue la primera mujer transg\u00e9nero en la revista Playboy. Una imagen de ambos en una playa, con Mbapp\u00e9 tom\u00e1ndola en sus brazos, fue la termin\u00f3 de aclarar cualquier sospecha, aunque ninguno se ha referido a su relaci\u00f3n.<\/p>\n\n\n\n<figure class=\"wp-block-image size-full\"><img loading=\"lazy\" decoding=\"async\" width=\"900\" height=\"900\" src=\"http:\/\/diariodigitalnea.com\/wp-content\/uploads\/2022\/12\/mbappe3.jpg\" alt=\"\" class=\"wp-image-4278\" srcset=\"https:\/\/diariodigitalnea.com\/wp-content\/uploads\/2022\/12\/mbappe3.jpg 900w, https:\/\/diariodigitalnea.com\/wp-content\/uploads\/2022\/12\/mbappe3-300x300.jpg 300w, https:\/\/diariodigitalnea.com\/wp-content\/uploads\/2022\/12\/mbappe3-150x150.jpg 150w, https:\/\/diariodigitalnea.com\/wp-content\/uploads\/2022\/12\/mbappe3-768x768.jpg 768w, https:\/\/diariodigitalnea.com\/wp-content\/uploads\/2022\/12\/mbappe3-200x200.jpg 200w\" sizes=\"(max-width: 900px) 100vw, 900px\" \/><\/figure>\n\n\n\n<p>Sumado a su carrera como modelo, donde ha tenido campa\u00f1as con L&#8217;Or\u00e9al y Balmain, Rau no se esconde del activismo social: en su Instagram tiene registros de protestas contra el presidente brasile\u00f1o de extrema derecha, Jair Bolsonaro, y a favor de la protecci\u00f3n de el Amazonas y la comunidad LGBT.<\/p>\n","protected":false},"excerpt":{"rendered":"<p>Kylian Mbapp\u00e9 es una de las principales figuras de la Selecci\u00f3n francesa que este domingo ser\u00e1 el rival de Argentina en la final del Mundial Qatar 2022. Sin embargo esta no es la noticia que se viraliz\u00f3 en las \u00faltimas horas, sino una que tiene que ver con un posible romance con una conocida modelo [&hellip;]<\/p>\n","protected":false},"author":3,"featured_media":4280,"comment_status":"closed","ping_status":"closed","sticky":false,"template":"","format":"standard","meta":{"om_disable_all_campaigns":false,"_monsterinsights_skip_tracking":false,"_monsterinsights_sitenote_active":false,"_monsterinsights_sitenote_note":"","_monsterinsights_sitenote_category":0,"footnotes":""},"categories":[6,7],"tags":[1542,1540,1195,1541],"class_list":["post-4276","post","type-post","status-publish","format-standard","has-post-thumbnail","hentry","category-deporte","category-espectaculos","tag-activista-lgbt","tag-kylian-mbappe","tag-modelo","tag-novia-transgenero"],"aioseo_notices":[],"amp_enabled":true,"_links":{"self":[{"href":"https:\/\/diariodigitalnea.com\/index.php\/wp-json\/wp\/v2\/posts\/4276","targetHints":{"allow":["GET"]}}],"collection":[{"href":"https:\/\/diariodigitalnea.com\/index.php\/wp-json\/wp\/v2\/posts"}],"about":[{"href":"https:\/\/diariodigitalnea.com\/index.php\/wp-json\/wp\/v2\/types\/post"}],"author":[{"embeddable":true,"href":"https:\/\/diariodigitalnea.com\/index.php\/wp-json\/wp\/v2\/users\/3"}],"replies":[{"embeddable":true,"href":"https:\/\/diariodigitalnea.com\/index.php\/wp-json\/wp\/v2\/comments?post=4276"}],"version-history":[{"count":1,"href":"https:\/\/diariodigitalnea.com\/index.php\/wp-json\/wp\/v2\/posts\/4276\/revisions"}],"predecessor-version":[{"id":4283,"href":"https:\/\/diariodigitalnea.com\/index.php\/wp-json\/wp\/v2\/posts\/4276\/revisions\/4283"}],"wp:featuredmedia":[{"embeddable":true,"href":"https:\/\/diariodigitalnea.com\/index.php\/wp-json\/wp\/v2\/media\/4280"}],"wp:attachment":[{"href":"https:\/\/diariodigitalnea.com\/index.php\/wp-json\/wp\/v2\/media?parent=4276"}],"wp:term":[{"taxonomy":"category","embeddable":true,"href":"https:\/\/diariodigitalnea.com\/index.php\/wp-json\/wp\/v2\/categories?post=4276"},{"taxonomy":"post_tag","embeddable":true,"href":"https:\/\/diariodigitalnea.com\/index.php\/wp-json\/wp\/v2\/tags?post=4276"}],"curies":[{"name":"wp","href":"https:\/\/api.w.org\/{rel}","templated":true}]}}