{"id":4250,"date":"2022-12-14T15:57:18","date_gmt":"2022-12-14T15:57:18","guid":{"rendered":"https:\/\/diariodigitalnea.com\/?p=4250"},"modified":"2022-12-14T15:57:20","modified_gmt":"2022-12-14T15:57:20","slug":"el-empleo-comercial-chaqueno-registro-una-suba-del-51-en-comparacion-al-ano-pasado","status":"publish","type":"post","link":"https:\/\/diariodigitalnea.com\/index.php\/2022\/12\/14\/el-empleo-comercial-chaqueno-registro-una-suba-del-51-en-comparacion-al-ano-pasado\/","title":{"rendered":"El empleo comercial chaque\u00f1o registr\u00f3 una suba del 5,1% en comparaci\u00f3n al a\u00f1o pasado"},"content":{"rendered":"\n<p>Con un total de 21.376 asalariados registrados al cierre del segundo trimestre*, el empleo comercial representa el 26,8% del total del empleo formal del Chaco, siendo el sector de mayor empleabilidad en la provincia.<\/p>\n\n\n\n<p>En relaci\u00f3n con igual&nbsp; per\u00edodo del a\u00f1o anterior, el empleo comercial chaque\u00f1o registr\u00f3 una suba del 5,1%, que implica la recuperaci\u00f3n de 1.036 puestos de trabajo, siendo el quinto trimestre consecutivo de suba interanual del empleo sectorial, y el sexto en la comparaci\u00f3n trimestral.<\/p>\n\n\n\n<p>Desagregando la actividad comercial, encontramos a tres ramas de esta: comercio \u201cminorista\u201d, \u201cmayorista\u201d y \u201cventa y reparaci\u00f3n de veh\u00edculos y venta de combustible al por menor\u201d.<\/p>\n\n\n\n<p>Sobre el total de asalariados registrados en la actividad comercial en el Chaco, el 52,8% de los empleos corresponden al comercio minorista; el 30,0% al mayorista, y el 17,2% a la categor\u00eda restante.<\/p>\n\n\n\n<figure class=\"wp-block-image size-large\"><img fetchpriority=\"high\" decoding=\"async\" width=\"1024\" height=\"576\" src=\"http:\/\/diariodigitalnea.com\/wp-content\/uploads\/2022\/12\/ventas2-1024x576.jpg\" alt=\"\" class=\"wp-image-4253\" srcset=\"https:\/\/diariodigitalnea.com\/wp-content\/uploads\/2022\/12\/ventas2-1024x576.jpg 1024w, https:\/\/diariodigitalnea.com\/wp-content\/uploads\/2022\/12\/ventas2-300x169.jpg 300w, https:\/\/diariodigitalnea.com\/wp-content\/uploads\/2022\/12\/ventas2-768x432.jpg 768w, https:\/\/diariodigitalnea.com\/wp-content\/uploads\/2022\/12\/ventas2.jpg 1450w\" sizes=\"(max-width: 1024px) 100vw, 1024px\" \/><\/figure>\n\n\n\n<p>Lo relevante en este per\u00edodo es que todas las ramas mostraron buenos desempe\u00f1os: el mayor crecimiento estuvo en el comercio minorista, donde el empleo creci\u00f3 5,3% interanual, seguido de veh\u00edculos y combustible (5,0%) y luego queda el mayorista (4,8%). En valores absolutos, la suba del empleo comercial minorista representa la creaci\u00f3n de unos 567 empleos el per\u00edodo analizado, frente a los 295 del comercio mayorista y los 174 de venta y reparaci\u00f3n de veh\u00edculos y venta al por menor de combustible.<\/p>\n\n\n\n<p>Profundizando los datos, y observando en funci\u00f3n a actividades comerciales espec\u00edficas, los sectores predominantes en el empleo comercial del Chaco son \u201cVenta al por menor en comercios no especializados con predominio de productos alimenticios y bebidas\u201d (12,8% del total del empleo comercial provincial); \u201cVenta al por menor de muebles, art\u00edculos de mimbre y corcho, colchones y somieres, art\u00edculos de iluminaci\u00f3n y artefactos para el hogar\u201d (7,3%); \u201cVenta al por menor de materiales de construcci\u00f3n, art\u00edculos de ferreter\u00eda, pinturas, cristales y espejos, y art\u00edculos para la decoraci\u00f3n\u201d (5,8%); \u201cVenta al por menor de combustible para veh\u00edculos automotores y motocicletas\u201d (5,8%); \u201cVenta al por mayor de alimentos\u201d (5,6%); y \u201cVenta al por menor de productos farmac\u00e9uticos, cosm\u00e9ticos, de perfumer\u00eda, instrumental m\u00e9dico y odontol\u00f3gico y art\u00edculos ortop\u00e9dicos\u201d (5,4%), entre otros.<\/p>\n\n\n\n<figure class=\"wp-block-image size-full\"><img decoding=\"async\" width=\"750\" height=\"892\" src=\"http:\/\/diariodigitalnea.com\/wp-content\/uploads\/2022\/12\/ventas0.jpg\" alt=\"\" class=\"wp-image-4252\" srcset=\"https:\/\/diariodigitalnea.com\/wp-content\/uploads\/2022\/12\/ventas0.jpg 750w, https:\/\/diariodigitalnea.com\/wp-content\/uploads\/2022\/12\/ventas0-252x300.jpg 252w\" sizes=\"(max-width: 750px) 100vw, 750px\" \/><\/figure>\n\n\n\n<h2 class=\"wp-block-heading\">Del total de actividades, los que tuvieron los mejores desempe\u00f1os interanuales fueron:<\/h2>\n\n\n\n<ul class=\"wp-block-list\"><li>Venta mayorista de muebles, art\u00edculos de iluminaci\u00f3n y dem\u00e1s artefactos para el hogar (50,6% con +42 empleos).<\/li><li>Venta minorista de bebidas (26,2% con +11 empleos)<\/li><li>Venta mayorista de art\u00edculos de \u00f3ptica, fotograf\u00eda, relojer\u00eda, joyer\u00eda y otros (20,0% con +12 empleos)<\/li><li>Venta mayorista de libros, revistas, diarios, papel y otros (19,4% con +21 empleos)<\/li><li>Servicios de expendio de comidas y bebidas en restaurantes, bares y otros (18,2% con +108 empleos)<\/li><li>Preparaci\u00f3n y venta de comidas para llevar (17,6% con +16 empleos)<\/li><li>Venta minorista de productos de almac\u00e9n, fiambrer\u00eda y diet\u00e9tica (15,9% con +35 empleos)<\/li><li>Venta minorista en comercios especializados (12,5% con +128 empleos)<\/li><li>Venta mayorista de alimentos (12,3% con +139 empleos)<\/li><li>Venta minorista de productos farmac\u00e9uticos, cosm\u00e9ticos, de perfumer\u00eda y otros (12,3% con +134 empleos)<\/li><li>Venta minorista de prendas y accesorios de vestir excepto calzado (11,9% con +71 empleos)<\/li><li>Venta mayorista en comisi\u00f3n o consignaci\u00f3n de productos agr\u00edcolas y pecuarios (11,4% con +44 empleos)<\/li><li>Venta mayorista de mercanc\u00edas n.c.p (10,5% con +26 empleos)<\/li><li>Venta al por mayor de partes, piezas y accesorios de veh\u00edculos automotores (10,3% con +21 empleos).<\/li><\/ul>\n\n\n\n<p><strong><em>Otras 22 actividades mostraron subas en menores niveles, creando en total de todas ellas, 429 empleos.<\/em><\/strong><\/p>\n\n\n\n<figure class=\"wp-block-image size-full\"><img decoding=\"async\" width=\"930\" height=\"620\" src=\"http:\/\/diariodigitalnea.com\/wp-content\/uploads\/2022\/12\/ventas3.jpg\" alt=\"\" class=\"wp-image-4254\" srcset=\"https:\/\/diariodigitalnea.com\/wp-content\/uploads\/2022\/12\/ventas3.jpg 930w, https:\/\/diariodigitalnea.com\/wp-content\/uploads\/2022\/12\/ventas3-300x200.jpg 300w, https:\/\/diariodigitalnea.com\/wp-content\/uploads\/2022\/12\/ventas3-768x512.jpg 768w, https:\/\/diariodigitalnea.com\/wp-content\/uploads\/2022\/12\/ventas3-900x600.jpg 900w\" sizes=\"(max-width: 930px) 100vw, 930px\" \/><\/figure>\n\n\n\n<h2 class=\"wp-block-heading\">Por el contrario, las que presentaron descensos en sus puestos de trabajo fueron algunas actividades como:<\/h2>\n\n\n\n<ul class=\"wp-block-list\"><li>Venta minorista de carnes rojas y productos de granja y de la caza (-3,6% con -12 empleos)<\/li><li>Venta mayorista de combustibles, incluso gaseosos y productos conexos (-4,8% con -28 empleos)<\/li><li>Venta mayorista de productos farmac\u00e9uticos, veterinarios y otros (-5,2% con -22 empleos).<\/li><\/ul>\n\n\n\n<p><strong><em>Otras seis actividades tuvieron descensos, pero representan apenas 13 empleos perdidos).<\/em><\/strong><\/p>\n\n\n\n<h2 class=\"wp-block-heading\">Desempe\u00f1o del empleo comercial chaque\u00f1o en el escenario nacional<\/h2>\n\n\n\n<p>La suba del empleo comercial global del Chaco (que, como ya se mencion\u00f3, fue del 5,1% interanual) es la tercera en el NEA (detr\u00e1s de Corrientes con 7,2% y Misiones con 6,3%) y por encima de Formosa (4,5%); a su vez, se ubic\u00f3 octava en el Norte Grande). A nivel pa\u00eds, exhibi\u00f3 el d\u00e9cimo s\u00e9ptimo mayor incremento en este per\u00edodo, en un contexto donde todos los distritos presentan alzas.<\/p>\n\n\n\n<p>R\u00edo Negro y Catamarca ocuparon los puestos 1-2 del ranking nacional de crecimientos relativos, con alzas del 12,7% y 9,8%; Santiago del Estero completa el podio con suba del 9,2%, y La Rioja qued\u00f3 cuarta con 9%. Adem\u00e1s, otros once distritos crecen por encima del nivel general nacional; y diez (Chaco entre ellos) se movieron por debajo del misma.<\/p>\n\n\n\n<p>En lo referido espec\u00edficamente al comercio minorista, como ya se detall\u00f3, la performance chaque\u00f1a es levemente mejor que el total general comercial: la suba del 5,3% se posiciona segunda en el NEA y d\u00e9cimo cuarta a nivel pa\u00eds.<\/p>\n\n\n\n<p>(*) Si bien los datos globales del empleo registrado en el sector privado, por provincia, ya est\u00e1n disponibles hasta el mes de septiembre inclusive, no ocurre lo mismo con la desagregaci\u00f3n sectorial del mismo, informaci\u00f3n que el MTEySS recopila de manera trimestral y cuenta con un trimestre de atraso.<\/p>\n","protected":false},"excerpt":{"rendered":"<p>Con un total de 21.376 asalariados registrados al cierre del segundo trimestre*, el empleo comercial representa el 26,8% del total del empleo formal del Chaco, siendo el sector de mayor empleabilidad en la provincia. En relaci\u00f3n con igual&nbsp; per\u00edodo del a\u00f1o anterior, el empleo comercial chaque\u00f1o registr\u00f3 una suba del 5,1%, que implica la recuperaci\u00f3n [&hellip;]<\/p>\n","protected":false},"author":3,"featured_media":4251,"comment_status":"closed","ping_status":"closed","sticky":false,"template":"","format":"standard","meta":{"om_disable_all_campaigns":false,"_monsterinsights_skip_tracking":false,"_monsterinsights_sitenote_active":false,"_monsterinsights_sitenote_note":"","_monsterinsights_sitenote_category":0,"footnotes":""},"categories":[33],"tags":[1532,1533],"class_list":["post-4250","post","type-post","status-publish","format-standard","has-post-thumbnail","hentry","category-chaco","tag-actividad-comercial","tag-ventas"],"aioseo_notices":[],"amp_enabled":true,"_links":{"self":[{"href":"https:\/\/diariodigitalnea.com\/index.php\/wp-json\/wp\/v2\/posts\/4250","targetHints":{"allow":["GET"]}}],"collection":[{"href":"https:\/\/diariodigitalnea.com\/index.php\/wp-json\/wp\/v2\/posts"}],"about":[{"href":"https:\/\/diariodigitalnea.com\/index.php\/wp-json\/wp\/v2\/types\/post"}],"author":[{"embeddable":true,"href":"https:\/\/diariodigitalnea.com\/index.php\/wp-json\/wp\/v2\/users\/3"}],"replies":[{"embeddable":true,"href":"https:\/\/diariodigitalnea.com\/index.php\/wp-json\/wp\/v2\/comments?post=4250"}],"version-history":[{"count":1,"href":"https:\/\/diariodigitalnea.com\/index.php\/wp-json\/wp\/v2\/posts\/4250\/revisions"}],"predecessor-version":[{"id":4255,"href":"https:\/\/diariodigitalnea.com\/index.php\/wp-json\/wp\/v2\/posts\/4250\/revisions\/4255"}],"wp:featuredmedia":[{"embeddable":true,"href":"https:\/\/diariodigitalnea.com\/index.php\/wp-json\/wp\/v2\/media\/4251"}],"wp:attachment":[{"href":"https:\/\/diariodigitalnea.com\/index.php\/wp-json\/wp\/v2\/media?parent=4250"}],"wp:term":[{"taxonomy":"category","embeddable":true,"href":"https:\/\/diariodigitalnea.com\/index.php\/wp-json\/wp\/v2\/categories?post=4250"},{"taxonomy":"post_tag","embeddable":true,"href":"https:\/\/diariodigitalnea.com\/index.php\/wp-json\/wp\/v2\/tags?post=4250"}],"curies":[{"name":"wp","href":"https:\/\/api.w.org\/{rel}","templated":true}]}}