{"id":4127,"date":"2022-12-11T16:09:14","date_gmt":"2022-12-11T16:09:14","guid":{"rendered":"https:\/\/diariodigitalnea.com\/?p=4127"},"modified":"2022-12-11T16:09:15","modified_gmt":"2022-12-11T16:09:15","slug":"una-joven-fallecio-tras-el-choque-entre-dos-motocicletas","status":"publish","type":"post","link":"https:\/\/diariodigitalnea.com\/index.php\/2022\/12\/11\/una-joven-fallecio-tras-el-choque-entre-dos-motocicletas\/","title":{"rendered":"Una joven falleci\u00f3 tras el choque entre dos motocicletas"},"content":{"rendered":"\n<p>El siniestro se produjo ayer s\u00e1bado en avenida Urquiza y calle Seitor. La joven v\u00edctima viajaba como acompa\u00f1ante en una motocicleta, cuando se produjo el siniestro. Falleci\u00f3 horas m\u00e1s tarde, en el Hospital Perrando.<\/p>\n\n\n\n<p>Los protagonistas fueron dos motocicletas. En una iban Briza Micaela Garc\u00eda, quien iba en una motocicleta Honda Wave, como acompa\u00f1ante del conductor, de 18 a\u00f1os. El otro participe del accidente fue un hombre de 23 a\u00f1os quien guiaba una Honda Biz, pero se dio a la fuga en otro veh\u00edculo, dejando en el lugar a su motocicleta abandonada.<\/p>\n\n\n\n<p>Mientras tanto, Brisa fue trasladada de inmediato al Hospital Perrando, donde ingres\u00f3. Por este accionar y tras la muerte de la joven, la Fiscal\u00eda en turno inici\u00f3 actuaciones por \u201cSupuesto Homicidio Culposo en Accidente de Tr\u00e1nsito\u201d.<\/p>\n\n\n\n<figure class=\"wp-block-image size-full\"><img fetchpriority=\"high\" decoding=\"async\" width=\"1024\" height=\"375\" src=\"http:\/\/diariodigitalnea.com\/wp-content\/uploads\/2022\/10\/CONSTRUCAL-CON-FABRICA.jpg\" alt=\"\" class=\"wp-image-2241\" srcset=\"https:\/\/diariodigitalnea.com\/wp-content\/uploads\/2022\/10\/CONSTRUCAL-CON-FABRICA.jpg 1024w, https:\/\/diariodigitalnea.com\/wp-content\/uploads\/2022\/10\/CONSTRUCAL-CON-FABRICA-300x110.jpg 300w, https:\/\/diariodigitalnea.com\/wp-content\/uploads\/2022\/10\/CONSTRUCAL-CON-FABRICA-768x281.jpg 768w\" sizes=\"(max-width: 1024px) 100vw, 1024px\" \/><figcaption>Publicidad: ConstruCal Cales hidratas y vivas para uso vial y construcci\u00f3n TEL: 3624602737<\/figcaption><\/figure>\n","protected":false},"excerpt":{"rendered":"<p>El siniestro se produjo ayer s\u00e1bado en avenida Urquiza y calle Seitor. La joven v\u00edctima viajaba como acompa\u00f1ante en una motocicleta, cuando se produjo el siniestro. Falleci\u00f3 horas m\u00e1s tarde, en el Hospital Perrando. Los protagonistas fueron dos motocicletas. En una iban Briza Micaela Garc\u00eda, quien iba en una motocicleta Honda Wave, como acompa\u00f1ante del [&hellip;]<\/p>\n","protected":false},"author":3,"featured_media":4128,"comment_status":"closed","ping_status":"closed","sticky":false,"template":"","format":"standard","meta":{"om_disable_all_campaigns":false,"_monsterinsights_skip_tracking":false,"_monsterinsights_sitenote_active":false,"_monsterinsights_sitenote_note":"","_monsterinsights_sitenote_category":0,"footnotes":""},"categories":[33,52],"tags":[60,798,40,756],"class_list":["post-4127","post","type-post","status-publish","format-standard","has-post-thumbnail","hentry","category-chaco","category-policiales","tag-accidente","tag-motociclistas","tag-resistencia","tag-siniestro-vial"],"aioseo_notices":[],"amp_enabled":true,"_links":{"self":[{"href":"https:\/\/diariodigitalnea.com\/index.php\/wp-json\/wp\/v2\/posts\/4127","targetHints":{"allow":["GET"]}}],"collection":[{"href":"https:\/\/diariodigitalnea.com\/index.php\/wp-json\/wp\/v2\/posts"}],"about":[{"href":"https:\/\/diariodigitalnea.com\/index.php\/wp-json\/wp\/v2\/types\/post"}],"author":[{"embeddable":true,"href":"https:\/\/diariodigitalnea.com\/index.php\/wp-json\/wp\/v2\/users\/3"}],"replies":[{"embeddable":true,"href":"https:\/\/diariodigitalnea.com\/index.php\/wp-json\/wp\/v2\/comments?post=4127"}],"version-history":[{"count":1,"href":"https:\/\/diariodigitalnea.com\/index.php\/wp-json\/wp\/v2\/posts\/4127\/revisions"}],"predecessor-version":[{"id":4129,"href":"https:\/\/diariodigitalnea.com\/index.php\/wp-json\/wp\/v2\/posts\/4127\/revisions\/4129"}],"wp:featuredmedia":[{"embeddable":true,"href":"https:\/\/diariodigitalnea.com\/index.php\/wp-json\/wp\/v2\/media\/4128"}],"wp:attachment":[{"href":"https:\/\/diariodigitalnea.com\/index.php\/wp-json\/wp\/v2\/media?parent=4127"}],"wp:term":[{"taxonomy":"category","embeddable":true,"href":"https:\/\/diariodigitalnea.com\/index.php\/wp-json\/wp\/v2\/categories?post=4127"},{"taxonomy":"post_tag","embeddable":true,"href":"https:\/\/diariodigitalnea.com\/index.php\/wp-json\/wp\/v2\/tags?post=4127"}],"curies":[{"name":"wp","href":"https:\/\/api.w.org\/{rel}","templated":true}]}}