{"id":4107,"date":"2022-12-10T23:35:30","date_gmt":"2022-12-10T23:35:30","guid":{"rendered":"https:\/\/diariodigitalnea.com\/?p=4107"},"modified":"2022-12-11T00:14:48","modified_gmt":"2022-12-11T00:14:48","slug":"el-ministerio-de-transporte-de-la-nacion-recomendo-el-uso-de-barbijo-en-el-transporte-publico","status":"publish","type":"post","link":"https:\/\/diariodigitalnea.com\/index.php\/2022\/12\/10\/el-ministerio-de-transporte-de-la-nacion-recomendo-el-uso-de-barbijo-en-el-transporte-publico\/","title":{"rendered":"El Ministerio de Transporte de la Naci\u00f3n recomend\u00f3 el uso de barbijo en el transporte p\u00fablico"},"content":{"rendered":"\n<p>Por el aumento de contagios de coronavirus que report\u00f3 el Ministerio de Salud de la Naci\u00f3n, se cuadruplicaron los casos respecto a la semana pasada, provoc\u00f3 que el Ministerio de Transporte de la Naci\u00f3n recomendara seguir las medidas de prevenci\u00f3n de salud generales.<\/p>\n\n\n\n<p>La cartera nacional de transporte recomienda la utilizaci\u00f3n del barbijo en colectivos y trenes de corta y larga distancia, y en todo el sistema de transporte p\u00fablico. Asimismo, la recomendaci\u00f3n para espacios cerrados es que la ventilaci\u00f3n sea cruzada y constante, para garantizar la circulaci\u00f3n de aire.<\/p>\n\n\n\n<figure class=\"wp-block-image size-large\"><img fetchpriority=\"high\" decoding=\"async\" width=\"1024\" height=\"584\" src=\"https:\/\/diariodigitalnea.com\/wp-content\/uploads\/2022\/12\/col2-1024x584.jpg\" alt=\"\" class=\"wp-image-4109\" srcset=\"https:\/\/diariodigitalnea.com\/wp-content\/uploads\/2022\/12\/col2-1024x584.jpg 1024w, https:\/\/diariodigitalnea.com\/wp-content\/uploads\/2022\/12\/col2-300x171.jpg 300w, https:\/\/diariodigitalnea.com\/wp-content\/uploads\/2022\/12\/col2-768x438.jpg 768w, https:\/\/diariodigitalnea.com\/wp-content\/uploads\/2022\/12\/col2.jpg 1054w\" sizes=\"(max-width: 1024px) 100vw, 1024px\" \/><\/figure>\n\n\n\n<p>\u00abPara esto, se aconseja tanto en trenes como en colectivos, abrir una ventanilla en la parte de adelante y otra en la parte de atr\u00e1s, de lados opuestos, para garantizar la circulaci\u00f3n y renovaci\u00f3n de aire. Adem\u00e1s del uso de barbijo, se recomienda mantener la mayor distancia posible, evitar aglomeraciones, toser y estornudar en el pliegue del codo, y trasladar las actividades, dentro de lo posible, al aire libre\u00bb, precis\u00f3 el comunicado del ministerio.<\/p>\n\n\n\n<p>Y concluy\u00f3: \u00abPor \u00faltimo, de acuerdo a las indicaciones del Ministerio de Salud de la Naci\u00f3n, si pasaron m\u00e1s de cuatro meses desde la \u00faltima dosis de protecci\u00f3n contra COVID-19, se recomienda acercarse a un vacunatorio, centro de salud u hospital, para aplicarse un refuerzo, especialmente en personas mayores de 50 a\u00f1os\u00bb.<\/p>\n\n\n\n<figure class=\"wp-block-image size-full\"><img decoding=\"async\" width=\"1024\" height=\"375\" src=\"http:\/\/diariodigitalnea.com\/wp-content\/uploads\/2022\/10\/CONSTRUCAL-CON-FABRICA.jpg\" alt=\"\" class=\"wp-image-2241\" srcset=\"https:\/\/diariodigitalnea.com\/wp-content\/uploads\/2022\/10\/CONSTRUCAL-CON-FABRICA.jpg 1024w, https:\/\/diariodigitalnea.com\/wp-content\/uploads\/2022\/10\/CONSTRUCAL-CON-FABRICA-300x110.jpg 300w, https:\/\/diariodigitalnea.com\/wp-content\/uploads\/2022\/10\/CONSTRUCAL-CON-FABRICA-768x281.jpg 768w\" sizes=\"(max-width: 1024px) 100vw, 1024px\" \/><figcaption>Publicidad: ConstruCal Cales hidratas y vivas para uso vial y construcci\u00f3n TEL: 3624602737<\/figcaption><\/figure>\n","protected":false},"excerpt":{"rendered":"<p>Por el aumento de contagios de coronavirus que report\u00f3 el Ministerio de Salud de la Naci\u00f3n, se cuadruplicaron los casos respecto a la semana pasada, provoc\u00f3 que el Ministerio de Transporte de la Naci\u00f3n recomendara seguir las medidas de prevenci\u00f3n de salud generales. La cartera nacional de transporte recomienda la utilizaci\u00f3n del barbijo en colectivos [&hellip;]<\/p>\n","protected":false},"author":4,"featured_media":4108,"comment_status":"closed","ping_status":"closed","sticky":false,"template":"","format":"standard","meta":{"om_disable_all_campaigns":false,"_monsterinsights_skip_tracking":false,"_monsterinsights_sitenote_active":false,"_monsterinsights_sitenote_note":"","_monsterinsights_sitenote_category":0,"footnotes":""},"categories":[95,90],"tags":[1491,216,38],"class_list":["post-4107","post","type-post","status-publish","format-standard","has-post-thumbnail","hentry","category-informacion-general","category-nacionales","tag-barbijo","tag-colectivo","tag-transporte-publico"],"aioseo_notices":[],"amp_enabled":true,"_links":{"self":[{"href":"https:\/\/diariodigitalnea.com\/index.php\/wp-json\/wp\/v2\/posts\/4107","targetHints":{"allow":["GET"]}}],"collection":[{"href":"https:\/\/diariodigitalnea.com\/index.php\/wp-json\/wp\/v2\/posts"}],"about":[{"href":"https:\/\/diariodigitalnea.com\/index.php\/wp-json\/wp\/v2\/types\/post"}],"author":[{"embeddable":true,"href":"https:\/\/diariodigitalnea.com\/index.php\/wp-json\/wp\/v2\/users\/4"}],"replies":[{"embeddable":true,"href":"https:\/\/diariodigitalnea.com\/index.php\/wp-json\/wp\/v2\/comments?post=4107"}],"version-history":[{"count":2,"href":"https:\/\/diariodigitalnea.com\/index.php\/wp-json\/wp\/v2\/posts\/4107\/revisions"}],"predecessor-version":[{"id":4111,"href":"https:\/\/diariodigitalnea.com\/index.php\/wp-json\/wp\/v2\/posts\/4107\/revisions\/4111"}],"wp:featuredmedia":[{"embeddable":true,"href":"https:\/\/diariodigitalnea.com\/index.php\/wp-json\/wp\/v2\/media\/4108"}],"wp:attachment":[{"href":"https:\/\/diariodigitalnea.com\/index.php\/wp-json\/wp\/v2\/media?parent=4107"}],"wp:term":[{"taxonomy":"category","embeddable":true,"href":"https:\/\/diariodigitalnea.com\/index.php\/wp-json\/wp\/v2\/categories?post=4107"},{"taxonomy":"post_tag","embeddable":true,"href":"https:\/\/diariodigitalnea.com\/index.php\/wp-json\/wp\/v2\/tags?post=4107"}],"curies":[{"name":"wp","href":"https:\/\/api.w.org\/{rel}","templated":true}]}}