{"id":3936,"date":"2022-12-04T22:51:29","date_gmt":"2022-12-04T22:51:29","guid":{"rendered":"https:\/\/diariodigitalnea.com\/?p=3936"},"modified":"2022-12-04T22:55:18","modified_gmt":"2022-12-04T22:55:18","slug":"dos-hombres-chocaron-sobre-avenida-italia-y-paraguay-uno-de-ellos-termino-herido","status":"publish","type":"post","link":"https:\/\/diariodigitalnea.com\/index.php\/2022\/12\/04\/dos-hombres-chocaron-sobre-avenida-italia-y-paraguay-uno-de-ellos-termino-herido\/","title":{"rendered":"Dos veh\u00edculos chocaron sobre Avenida Italia y Paraguay: uno de ellos dio un vuelco y su conductor lesionado"},"content":{"rendered":"\n<p>El accidente ocurri\u00f3 durante la madrugada de este domingo<\/p>\n\n\n\n<p>En la madrugada ocurri\u00f3 un choque seguido de vuelco en la intersecci\u00f3n de avenida Italia y avenida Paraguay, en la ciudad de Resistencia.<\/p>\n\n\n\n<p>Una camioneta marca Volkswagen Amarok, conducida por un hombre de 37 a\u00f1os colision\u00f3 contra un veh\u00edculo marca Renault Megane, guiado por otro ciudadano de 36 a\u00f1os alrededor de las 1:20 de la madrugada.<\/p>\n\n\n\n<figure class=\"wp-block-image size-full is-resized\"><img fetchpriority=\"high\" decoding=\"async\" src=\"https:\/\/diariodigitalnea.com\/wp-content\/uploads\/2022\/12\/acc1-1.jpg\" alt=\"\" class=\"wp-image-3939\" width=\"838\" height=\"506\" srcset=\"https:\/\/diariodigitalnea.com\/wp-content\/uploads\/2022\/12\/acc1-1.jpg 716w, https:\/\/diariodigitalnea.com\/wp-content\/uploads\/2022\/12\/acc1-1-300x181.jpg 300w\" sizes=\"(max-width: 838px) 100vw, 838px\" \/><\/figure>\n\n\n\n<p>En este contexto, el conductor de la camioneta debi\u00f3 ser asistido por m\u00e9dicos de la ambulancia y tom\u00f3 intervenci\u00f3n la Comisaria Primera de Resistencia y personal de la Divisi\u00f3n Criminal\u00edstica Metropolitana.<\/p>\n\n\n\n<figure class=\"wp-block-image size-full\"><img decoding=\"async\" width=\"1024\" height=\"375\" src=\"http:\/\/diariodigitalnea.com\/wp-content\/uploads\/2022\/10\/CONSTRUCAL-CON-FABRICA.jpg\" alt=\"\" class=\"wp-image-2241\" srcset=\"https:\/\/diariodigitalnea.com\/wp-content\/uploads\/2022\/10\/CONSTRUCAL-CON-FABRICA.jpg 1024w, https:\/\/diariodigitalnea.com\/wp-content\/uploads\/2022\/10\/CONSTRUCAL-CON-FABRICA-300x110.jpg 300w, https:\/\/diariodigitalnea.com\/wp-content\/uploads\/2022\/10\/CONSTRUCAL-CON-FABRICA-768x281.jpg 768w\" sizes=\"(max-width: 1024px) 100vw, 1024px\" \/><figcaption>Publicidad: ConstruCal Cales hidratas y vivas para uso vial y construcci\u00f3n TEL: 3624602737<\/figcaption><\/figure>\n\n\n\n<p><\/p>\n","protected":false},"excerpt":{"rendered":"<p>El accidente ocurri\u00f3 durante la madrugada de este domingo En la madrugada ocurri\u00f3 un choque seguido de vuelco en la intersecci\u00f3n de avenida Italia y avenida Paraguay, en la ciudad de Resistencia. Una camioneta marca Volkswagen Amarok, conducida por un hombre de 37 a\u00f1os colision\u00f3 contra un veh\u00edculo marca Renault Megane, guiado por otro ciudadano [&hellip;]<\/p>\n","protected":false},"author":4,"featured_media":3937,"comment_status":"closed","ping_status":"closed","sticky":false,"template":"","format":"standard","meta":{"om_disable_all_campaigns":false,"_monsterinsights_skip_tracking":false,"_monsterinsights_sitenote_active":false,"_monsterinsights_sitenote_note":"","_monsterinsights_sitenote_category":0,"footnotes":""},"categories":[33,52],"tags":[60,276],"class_list":["post-3936","post","type-post","status-publish","format-standard","has-post-thumbnail","hentry","category-chaco","category-policiales","tag-accidente","tag-camioneta"],"aioseo_notices":[],"amp_enabled":true,"_links":{"self":[{"href":"https:\/\/diariodigitalnea.com\/index.php\/wp-json\/wp\/v2\/posts\/3936","targetHints":{"allow":["GET"]}}],"collection":[{"href":"https:\/\/diariodigitalnea.com\/index.php\/wp-json\/wp\/v2\/posts"}],"about":[{"href":"https:\/\/diariodigitalnea.com\/index.php\/wp-json\/wp\/v2\/types\/post"}],"author":[{"embeddable":true,"href":"https:\/\/diariodigitalnea.com\/index.php\/wp-json\/wp\/v2\/users\/4"}],"replies":[{"embeddable":true,"href":"https:\/\/diariodigitalnea.com\/index.php\/wp-json\/wp\/v2\/comments?post=3936"}],"version-history":[{"count":2,"href":"https:\/\/diariodigitalnea.com\/index.php\/wp-json\/wp\/v2\/posts\/3936\/revisions"}],"predecessor-version":[{"id":3942,"href":"https:\/\/diariodigitalnea.com\/index.php\/wp-json\/wp\/v2\/posts\/3936\/revisions\/3942"}],"wp:featuredmedia":[{"embeddable":true,"href":"https:\/\/diariodigitalnea.com\/index.php\/wp-json\/wp\/v2\/media\/3937"}],"wp:attachment":[{"href":"https:\/\/diariodigitalnea.com\/index.php\/wp-json\/wp\/v2\/media?parent=3936"}],"wp:term":[{"taxonomy":"category","embeddable":true,"href":"https:\/\/diariodigitalnea.com\/index.php\/wp-json\/wp\/v2\/categories?post=3936"},{"taxonomy":"post_tag","embeddable":true,"href":"https:\/\/diariodigitalnea.com\/index.php\/wp-json\/wp\/v2\/tags?post=3936"}],"curies":[{"name":"wp","href":"https:\/\/api.w.org\/{rel}","templated":true}]}}