{"id":3842,"date":"2022-12-03T14:51:35","date_gmt":"2022-12-03T14:51:35","guid":{"rendered":"https:\/\/diariodigitalnea.com\/?p=3842"},"modified":"2022-12-03T14:51:36","modified_gmt":"2022-12-03T14:51:36","slug":"tragedia-en-ruta-16-dos-camiones-y-un-micro-protagonizaron-un-fatal-accidente","status":"publish","type":"post","link":"https:\/\/diariodigitalnea.com\/index.php\/2022\/12\/03\/tragedia-en-ruta-16-dos-camiones-y-un-micro-protagonizaron-un-fatal-accidente\/","title":{"rendered":"Tragedia en ruta 16: dos camiones y un micro protagonizaron un fatal accidente"},"content":{"rendered":"\n<p>El siniestro involucr\u00f3 a dos camiones de carga y un micro de larga distancia que hab\u00eda partido de La Banda, Santiago del Estero y se dirig\u00eda a Paraguay. Fallecieron 3 personas.<\/p>\n\n\n\n<p>Efectivos de la Comisar\u00eda de Presidencia de la Plaza tomaron conocimiento este s\u00e1bado a la medianoche, de un grave siniestro vial a la altura del kil\u00f3metro 105 de la ruta nacional 16 entre dos camiones y un colectivo.<\/p>\n\n\n\n<p>Fuentes policiales confirmaron que el siniestro se produjo entre un cami\u00f3n VW con acoplado que transportaba arena desde Resistencia a las Bre\u00f1as, quien habr\u00eda colisionado contra otro cami\u00f3n VW que trasportaba Granos de Ma\u00edz, que se dirig\u00eda hacia Corrientes provocando el impacto contra un colectivo Mercedes Benz, el cual trasladaba a 56 pasajeros aproximadamente, hacia Encarnaci\u00f3n Paraguay,&nbsp;<\/p>\n\n\n\n<p>Desafortunadamente tres personas fallecieron; dos de ellas en el lugar, siendo el chofer del cami\u00f3n de que llevaba arena identificado como Herrera Mario Roberto y el conductor del colectivo identificado como N\u00edvea Jos\u00e9 Alejandro. Respecto a la tercera persona que perdi\u00f3, ser\u00eda una pasajera del colectivo identificada como Fiores Gloria, de 47 a\u00f1os que estaba siendo trasladada hacia el Hospital 4 de Junio de Saenz Pe\u00f1a.<\/p>\n\n\n\n<figure class=\"wp-block-image size-large\"><img fetchpriority=\"high\" decoding=\"async\" width=\"1024\" height=\"732\" src=\"http:\/\/diariodigitalnea.com\/wp-content\/uploads\/2022\/12\/acci01-1024x732.jpg\" alt=\"\" class=\"wp-image-3843\" srcset=\"https:\/\/diariodigitalnea.com\/wp-content\/uploads\/2022\/12\/acci01-1024x732.jpg 1024w, https:\/\/diariodigitalnea.com\/wp-content\/uploads\/2022\/12\/acci01-300x214.jpg 300w, https:\/\/diariodigitalnea.com\/wp-content\/uploads\/2022\/12\/acci01-768x549.jpg 768w, https:\/\/diariodigitalnea.com\/wp-content\/uploads\/2022\/12\/acci01.jpg 1234w\" sizes=\"(max-width: 1024px) 100vw, 1024px\" \/><\/figure>\n\n\n\n<p>El hecho ocurri\u00f3 a la altura del kil\u00f3metro 104 de la Ruta Nacional 16, en jurisdicci\u00f3n de Presidencia de la Plaza.<\/p>\n\n\n\n<p><strong>Lesionados<\/strong><\/p>\n\n\n\n<p>De acuerdo a lo informado por personal de salud se registraron siete personas lesionadas que fueron trasladados al hospital 4 de Junio de Saenz Pe\u00f1a. Entre ellas se encuentran una mujer de 61 a\u00f1os, con \u201cTraumatismo Tor\u00e1cico\u201d, otra pasajera de 39 result\u00f3 con \u201cFracturas De Brazos Derecho\u201d. Tambi\u00e9n una ciudadana de 52 result\u00f3 con \u201cTraumatismo Toraco Abdominal Izquierdo\u201d, derivada al nosocomio 4 de junio y posteriormente dada de alta.&nbsp;<\/p>\n\n\n\n<p>&nbsp;Adem\u00e1s, un hombre de 30 a\u00f1os presenta \u201cTraumatismo en regi\u00f3n Lumbar Derecho\u201d que tambi\u00e9n fue al Hospital 4 de Junio, por otro lado una mujer de 56 present\u00f3 \u201cHerida Punzo Cortante en codo Izquierdo -Leve\u201d, permanece en el Hospital de Plaza. Una ciudadana de 51 result\u00f3 con \u201cContusi\u00f3n &nbsp;hombro izquierdo\u201d, permanece internada.&nbsp;<\/p>\n\n\n\n<p>Por otra, parte se registr\u00f3 el ingreso de una mujer de 72, aguardando por sus ex\u00e1menes m\u00e9dicos.<\/p>\n\n\n\n<p>&nbsp;Trabajaron en el lugar personal de Gabinete Cient\u00edfico aboc\u00e1ndose a sus tareas espec\u00edficas. Por \u00faltimo, se realizaron tareas de remoci\u00f3n de veh\u00edculos con una gr\u00faa. Tomando intervenci\u00f3n la Fiscal\u00eda Penal en turno de Resistencia a cargo de la Doctora Rosana Soto, iniciando actuaciones en la causa \u201cSupuesto Homicidio Culposo en Accidente de Tr\u00e1nsito\u201d.<\/p>\n","protected":false},"excerpt":{"rendered":"<p>El siniestro involucr\u00f3 a dos camiones de carga y un micro de larga distancia que hab\u00eda partido de La Banda, Santiago del Estero y se dirig\u00eda a Paraguay. Fallecieron 3 personas. Efectivos de la Comisar\u00eda de Presidencia de la Plaza tomaron conocimiento este s\u00e1bado a la medianoche, de un grave siniestro vial a la altura [&hellip;]<\/p>\n","protected":false},"author":3,"featured_media":3844,"comment_status":"closed","ping_status":"closed","sticky":false,"template":"","format":"standard","meta":{"om_disable_all_campaigns":false,"_monsterinsights_skip_tracking":false,"_monsterinsights_sitenote_active":false,"_monsterinsights_sitenote_note":"","_monsterinsights_sitenote_category":0,"footnotes":""},"categories":[33,52],"tags":[250,1423,465,756],"class_list":["post-3842","post","type-post","status-publish","format-standard","has-post-thumbnail","hentry","category-chaco","category-policiales","tag-fatalidad","tag-presidencia-de-la-plaza","tag-ruta-nacional-16","tag-siniestro-vial"],"aioseo_notices":[],"amp_enabled":true,"_links":{"self":[{"href":"https:\/\/diariodigitalnea.com\/index.php\/wp-json\/wp\/v2\/posts\/3842","targetHints":{"allow":["GET"]}}],"collection":[{"href":"https:\/\/diariodigitalnea.com\/index.php\/wp-json\/wp\/v2\/posts"}],"about":[{"href":"https:\/\/diariodigitalnea.com\/index.php\/wp-json\/wp\/v2\/types\/post"}],"author":[{"embeddable":true,"href":"https:\/\/diariodigitalnea.com\/index.php\/wp-json\/wp\/v2\/users\/3"}],"replies":[{"embeddable":true,"href":"https:\/\/diariodigitalnea.com\/index.php\/wp-json\/wp\/v2\/comments?post=3842"}],"version-history":[{"count":1,"href":"https:\/\/diariodigitalnea.com\/index.php\/wp-json\/wp\/v2\/posts\/3842\/revisions"}],"predecessor-version":[{"id":3845,"href":"https:\/\/diariodigitalnea.com\/index.php\/wp-json\/wp\/v2\/posts\/3842\/revisions\/3845"}],"wp:featuredmedia":[{"embeddable":true,"href":"https:\/\/diariodigitalnea.com\/index.php\/wp-json\/wp\/v2\/media\/3844"}],"wp:attachment":[{"href":"https:\/\/diariodigitalnea.com\/index.php\/wp-json\/wp\/v2\/media?parent=3842"}],"wp:term":[{"taxonomy":"category","embeddable":true,"href":"https:\/\/diariodigitalnea.com\/index.php\/wp-json\/wp\/v2\/categories?post=3842"},{"taxonomy":"post_tag","embeddable":true,"href":"https:\/\/diariodigitalnea.com\/index.php\/wp-json\/wp\/v2\/tags?post=3842"}],"curies":[{"name":"wp","href":"https:\/\/api.w.org\/{rel}","templated":true}]}}