{"id":3808,"date":"2022-12-02T05:11:55","date_gmt":"2022-12-02T05:11:55","guid":{"rendered":"https:\/\/diariodigitalnea.com\/?p=3808"},"modified":"2022-12-02T05:11:56","modified_gmt":"2022-12-02T05:11:56","slug":"dolar-para-turistas-el-banco-central-confirmo-cambios-desde-el-viernes","status":"publish","type":"post","link":"https:\/\/diariodigitalnea.com\/index.php\/2022\/12\/02\/dolar-para-turistas-el-banco-central-confirmo-cambios-desde-el-viernes\/","title":{"rendered":"D\u00f3lar para turistas: el Banco Central confirm\u00f3 cambios desde el viernes"},"content":{"rendered":"\n<p>La medida except\u00faa de la liquidaci\u00f3n en el mercado de cambios a los pagos que realicen los \u00abno residentes mediante tarjetas de d\u00e9bito, cr\u00e9dito, compra o prepagas emitidas en el exterior\u00bb.<\/p>\n\n\n\n<p>El presidente del Banco Central (BCRA), Miguel Pesce, anticip\u00f3 que los turistas del exterior que visitan la Argentina podr\u00e1n acceder al tipo de cambio del d\u00f3lar MEP a partir de este viernes, luego de demoras por parte de los emisores de las tarjetas de cr\u00e9dito; al tiempo que ratific\u00f3 que la entidad monetaria cumplir\u00e1 con la meta de reservas planteada para fin de a\u00f1o.<\/p>\n\n\n\n<p>Consultado por la implementaci\u00f3n del \u00abd\u00f3lar tarjeta\u00bb para los turistas extranjeros, Pesce subray\u00f3 que \u00abel viernes, a m\u00e1s tardar, estar\u00e1 operativo el sistema\u00bb.<\/p>\n\n\n\n<h2 class=\"wp-block-heading\">C\u00f3mo es el d\u00f3lar para turismo<\/h2>\n\n\n\n<p>La medida, oficializada a trav\u00e9s de la Comunicaci\u00f3n \u00abA\u00bb 7630, except\u00faa de la liquidaci\u00f3n en el mercado de cambios a los pagos que realicen los \u00abno residentes mediante tarjetas de d\u00e9bito, cr\u00e9dito, compra o prepagas emitidas en el exterior\u00bb.<\/p>\n\n\n\n<figure class=\"wp-block-image size-full\"><img fetchpriority=\"high\" decoding=\"async\" width=\"600\" height=\"365\" src=\"http:\/\/diariodigitalnea.com\/wp-content\/uploads\/2022\/12\/dolar02.jpg\" alt=\"\" class=\"wp-image-3810\" srcset=\"https:\/\/diariodigitalnea.com\/wp-content\/uploads\/2022\/12\/dolar02.jpg 600w, https:\/\/diariodigitalnea.com\/wp-content\/uploads\/2022\/12\/dolar02-300x183.jpg 300w\" sizes=\"(max-width: 600px) 100vw, 600px\" \/><\/figure>\n\n\n\n<p>En concreto, los turistas, con este beneficio, acceder\u00e1n al tipo de cambio del d\u00f3lar MEP, que actualmente cotiza a $316, en lugar del minorista que lo hace a $166, desincentivando, de esta forma, a que acudan a cambiar sus billetes por efectivo en el mercado informal.<\/p>\n\n\n\n<p>\u00abEsper\u00e1bamos que Visa lo hiciera antes. A nosotros nos vienen diciendo d\u00eda a d\u00eda que se implementa\u00bb, afirm\u00f3 sobre los motivos del retraso de su implementaci\u00f3n ?originalmente pautada para principios de este mes- apuntando a las emisoras de las tarjetas cr\u00e9dito que tienen que adoptar el nuevo sistema.<\/p>\n\n\n\n<p>Por su parte, el Presidente del BCRA destac\u00f3 que la inflaci\u00f3n \u00abse est\u00e1 desacelerando\u00bb desde julio.<\/p>\n\n\n\n<p>\u00abEsperamos que esto contin\u00fae durante el mes de noviembre y diciembre y que converja hasta llegar a la meta del 60% del a\u00f1o que viene. Somos optimistas\u00bb, asever\u00f3 Pesce en di\u00e1logo con la prensa tras su discurso de cierre de las Jornadas Monetarias y Bancarias 2022 que organiz\u00f3 la entidad monetaria en el Hilton Hotel de Puerto Madero.<\/p>\n\n\n\n<p>En tanto, Pesce explic\u00f3 que la nueva edici\u00f3n del Programa de Incremento Exportador (PIE) tambi\u00e9n denominado como \u00abd\u00f3lar soja\u00bb que establece un tipo de cambio diferencial de $230 por unidad- obedece a que \u00abalgunos productores de soja se hab\u00edan quedado con stock\u00bb.<\/p>\n\n\n\n<p>\u00abLas condiciones financieras y econ\u00f3micas han cambiando desde que termin\u00f3 el primer d\u00f3lar especial para explotaci\u00f3n. Hay una oferta de m\u00e1s de US$ 3.000 millones que son muy importantes para recomponer las reservas del Banco Central\u00bb, argument\u00f3 el directivo.<\/p>\n\n\n\n<p>Esta medida, ratific\u00f3, \u00abayudar\u00e1 a cumplir la meta de reservas que tiene planteado el Gobierno\u00bb, de US$5.000 millones para el cierre del a\u00f1o.<\/p>\n\n\n\n<p>\u00abVamos a cumplir la meta que tenemos planteada para fin de a\u00f1o, especialmente con lo que ingres\u00f3 del d\u00f3lar soja y otros ingresos que estamos esperando del financiamiento chino para las represas, del Banco Interamericano de Desarrollo (BID) y otras multilaterales\u00bb, remarc\u00f3.<\/p>\n\n\n\n<p>Por \u00faltimo, al referirse sobre la tasa de inter\u00e9s del Banco Central, Pesce se\u00f1al\u00f3 que a\u00fan no se est\u00e1 evaluando un cambio en las mismas y que ello depender\u00e1 de \u00ablos resultados de inflaci\u00f3n del mes de noviembre\u00bb.<\/p>\n","protected":false},"excerpt":{"rendered":"<p>La medida except\u00faa de la liquidaci\u00f3n en el mercado de cambios a los pagos que realicen los \u00abno residentes mediante tarjetas de d\u00e9bito, cr\u00e9dito, compra o prepagas emitidas en el exterior\u00bb. El presidente del Banco Central (BCRA), Miguel Pesce, anticip\u00f3 que los turistas del exterior que visitan la Argentina podr\u00e1n acceder al tipo de cambio [&hellip;]<\/p>\n","protected":false},"author":3,"featured_media":3809,"comment_status":"closed","ping_status":"closed","sticky":false,"template":"","format":"standard","meta":{"om_disable_all_campaigns":false,"_monsterinsights_skip_tracking":false,"_monsterinsights_sitenote_active":false,"_monsterinsights_sitenote_note":"","_monsterinsights_sitenote_category":0,"footnotes":""},"categories":[5,90],"tags":[834,1416,89,15],"class_list":["post-3808","post","type-post","status-publish","format-standard","has-post-thumbnail","hentry","category-economia","category-nacionales","tag-banco-central","tag-dolar-turista","tag-economia","tag-inflacion"],"aioseo_notices":[],"amp_enabled":true,"_links":{"self":[{"href":"https:\/\/diariodigitalnea.com\/index.php\/wp-json\/wp\/v2\/posts\/3808","targetHints":{"allow":["GET"]}}],"collection":[{"href":"https:\/\/diariodigitalnea.com\/index.php\/wp-json\/wp\/v2\/posts"}],"about":[{"href":"https:\/\/diariodigitalnea.com\/index.php\/wp-json\/wp\/v2\/types\/post"}],"author":[{"embeddable":true,"href":"https:\/\/diariodigitalnea.com\/index.php\/wp-json\/wp\/v2\/users\/3"}],"replies":[{"embeddable":true,"href":"https:\/\/diariodigitalnea.com\/index.php\/wp-json\/wp\/v2\/comments?post=3808"}],"version-history":[{"count":1,"href":"https:\/\/diariodigitalnea.com\/index.php\/wp-json\/wp\/v2\/posts\/3808\/revisions"}],"predecessor-version":[{"id":3811,"href":"https:\/\/diariodigitalnea.com\/index.php\/wp-json\/wp\/v2\/posts\/3808\/revisions\/3811"}],"wp:featuredmedia":[{"embeddable":true,"href":"https:\/\/diariodigitalnea.com\/index.php\/wp-json\/wp\/v2\/media\/3809"}],"wp:attachment":[{"href":"https:\/\/diariodigitalnea.com\/index.php\/wp-json\/wp\/v2\/media?parent=3808"}],"wp:term":[{"taxonomy":"category","embeddable":true,"href":"https:\/\/diariodigitalnea.com\/index.php\/wp-json\/wp\/v2\/categories?post=3808"},{"taxonomy":"post_tag","embeddable":true,"href":"https:\/\/diariodigitalnea.com\/index.php\/wp-json\/wp\/v2\/tags?post=3808"}],"curies":[{"name":"wp","href":"https:\/\/api.w.org\/{rel}","templated":true}]}}