{"id":3712,"date":"2022-11-29T14:54:36","date_gmt":"2022-11-29T14:54:36","guid":{"rendered":"https:\/\/diariodigitalnea.com\/?p=3712"},"modified":"2022-11-29T14:54:37","modified_gmt":"2022-11-29T14:54:37","slug":"para-el-gobierno-hay-una-desaceleracion-en-los-precios-de-los-alimentos","status":"publish","type":"post","link":"https:\/\/diariodigitalnea.com\/index.php\/2022\/11\/29\/para-el-gobierno-hay-una-desaceleracion-en-los-precios-de-los-alimentos\/","title":{"rendered":"Para el Gobierno hay una desaceleraci\u00f3n en los precios de los alimentos"},"content":{"rendered":"\n<p>Mat\u00edas Tombolini estim\u00f3 que la inflaci\u00f3n de noviembre se ubicar\u00e1 por debajo del 6% a partir de la implementaci\u00f3n del programa Precios Justos, que fija el valor de 1.907 productos y prev\u00e9 un aumento m\u00e1ximo del 4% mensual para otros 30.000 art\u00edculos.<\/p>\n\n\n\n<p>El secretario de Comercio, Mat\u00edas Tombolini, destac\u00f3 que los precios de los alimentos y bebidas registran una desaceleraci\u00f3n \u201cbastante importante\u201d en lo que va del mes respecto de octubre pasado como resultado de la implementaci\u00f3n del programa Precios Justos, que fija 1.907 valores sin modificaciones y un aumento m\u00e1ximo del 4% mensual para otros 30.000 art\u00edculos hasta fines de febrero.<\/p>\n\n\n\n<p>\u201cVemos una desaceleraci\u00f3n bastante importante en alimentos y bebidas porque este programa naci\u00f3 justamente con la imposibilidad de que se acepten listas que aumenten m\u00e1s del 4% dentro de las 110 empresas que forman parte\u201d, enfatiz\u00f3 Tombolini este martes por la ma\u00f1ana en di\u00e1logo con Radio con Vos, refiri\u00e9ndose al monitoreo diario que realiza su \u00e1rea.<\/p>\n\n\n\n<p>Por ese motivo, el secretario estim\u00f3 que la inflaci\u00f3n de noviembre \u201cva a estar por debajo del 6%\u201d, tras el 6,3% de octubre.<\/p>\n\n\n\n<figure class=\"wp-block-image size-large\"><img fetchpriority=\"high\" decoding=\"async\" width=\"1024\" height=\"576\" src=\"http:\/\/diariodigitalnea.com\/wp-content\/uploads\/2022\/11\/precio2-1024x576.jpg\" alt=\"\" class=\"wp-image-3714\" srcset=\"https:\/\/diariodigitalnea.com\/wp-content\/uploads\/2022\/11\/precio2-1024x576.jpg 1024w, https:\/\/diariodigitalnea.com\/wp-content\/uploads\/2022\/11\/precio2-300x169.jpg 300w, https:\/\/diariodigitalnea.com\/wp-content\/uploads\/2022\/11\/precio2-768x432.jpg 768w, https:\/\/diariodigitalnea.com\/wp-content\/uploads\/2022\/11\/precio2.jpg 1200w\" sizes=\"(max-width: 1024px) 100vw, 1024px\" \/><\/figure>\n\n\n\n<p>\u201c(Precios Justos) tiene un encuadre estrat\u00e9gico. Cuando el ministro (de Econom\u00eda, Sergio Massa) asumi\u00f3, \u00e9l plante\u00f3 un eje macroecon\u00f3mico que tiene que ver con cerrar la brecha fiscal y acumular reservas; y tras cerrar la brecha y acumular reservas, se puede plantear un programa de precios para intentar trabajar sobre las expectativas de inflaci\u00f3n\u201d, explic\u00f3 el funcionario.<\/p>\n\n\n\n<p>El programa, que busca generar una l\u00f3gica de aumentos que permita desacelerar la inercia inflacionaria que desde hace varios meses ronda en el 7% mensual, incluye adem\u00e1s 1.907 productos con precios que no tendr\u00e1n modificaciones hasta fines de febrero.<\/p>\n\n\n\n<p>Los mismos est\u00e1n identificados con su se\u00f1al\u00e9tica correspondiente de fondo azul y letras blancas, cuya implementaci\u00f3n en supermercados comenz\u00f3 la semana pasada.<\/p>\n\n\n\n<p>Tombolini anticip\u00f3 que, de no estar aplicada para este viernes, los establecimientos recibir\u00e1n \u201cla multa correspondiente\u201d.<\/p>\n\n\n\n<p>\u201cNosotros estamos trabajando con las cadenas. Lo m\u00e1s importante es que los productos est\u00e9n porque finalmente el precio y el producto es lo m\u00e1s relevante\u201d<\/p>\n\n\n\n<p>Mat\u00edas Tombolni<\/p>\n\n\n\n<p>Consultado por el tiempo de colocaci\u00f3n de la se\u00f1al\u00e9tica, el secretario dijo que, \u201cponer los carteles en diferentes g\u00f3ndolas en todo el pa\u00eds, es una cosa que no es de un d\u00eda para el otro\u201d.<\/p>\n\n\n\n<p>Es por dicho motivo que \u2013reconoci\u00f3- \u201cpueden haber\u201d establecimientos que utilicen fotocopias de forma temporal como carteler\u00eda ya que, adem\u00e1s, no puede ser reutilizada la correspondiente a Precios Cuidados al ser un programa distinto.<\/p>\n\n\n\n<figure class=\"wp-block-image size-full\"><img decoding=\"async\" width=\"1024\" height=\"375\" src=\"http:\/\/diariodigitalnea.com\/wp-content\/uploads\/2022\/10\/CONSTRUCAL-CON-FABRICA.jpg\" alt=\"\" class=\"wp-image-2241\" srcset=\"https:\/\/diariodigitalnea.com\/wp-content\/uploads\/2022\/10\/CONSTRUCAL-CON-FABRICA.jpg 1024w, https:\/\/diariodigitalnea.com\/wp-content\/uploads\/2022\/10\/CONSTRUCAL-CON-FABRICA-300x110.jpg 300w, https:\/\/diariodigitalnea.com\/wp-content\/uploads\/2022\/10\/CONSTRUCAL-CON-FABRICA-768x281.jpg 768w\" sizes=\"(max-width: 1024px) 100vw, 1024px\" \/><figcaption>Publicidad: ConstruCal Cales hidratas y vivas para uso vial y construcci\u00f3n TEL: 3624602737<\/figcaption><\/figure>\n","protected":false},"excerpt":{"rendered":"<p>Mat\u00edas Tombolini estim\u00f3 que la inflaci\u00f3n de noviembre se ubicar\u00e1 por debajo del 6% a partir de la implementaci\u00f3n del programa Precios Justos, que fija el valor de 1.907 productos y prev\u00e9 un aumento m\u00e1ximo del 4% mensual para otros 30.000 art\u00edculos. El secretario de Comercio, Mat\u00edas Tombolini, destac\u00f3 que los precios de los alimentos [&hellip;]<\/p>\n","protected":false},"author":3,"featured_media":3713,"comment_status":"closed","ping_status":"closed","sticky":false,"template":"","format":"standard","meta":{"om_disable_all_campaigns":false,"_monsterinsights_skip_tracking":false,"_monsterinsights_sitenote_active":false,"_monsterinsights_sitenote_note":"","_monsterinsights_sitenote_category":0,"footnotes":""},"categories":[5,90],"tags":[1386,89,426,1359],"class_list":["post-3712","post","type-post","status-publish","format-standard","has-post-thumbnail","hentry","category-economia","category-nacionales","tag-desaceleracion","tag-economia","tag-precios","tag-precios-justos"],"aioseo_notices":[],"amp_enabled":true,"_links":{"self":[{"href":"https:\/\/diariodigitalnea.com\/index.php\/wp-json\/wp\/v2\/posts\/3712","targetHints":{"allow":["GET"]}}],"collection":[{"href":"https:\/\/diariodigitalnea.com\/index.php\/wp-json\/wp\/v2\/posts"}],"about":[{"href":"https:\/\/diariodigitalnea.com\/index.php\/wp-json\/wp\/v2\/types\/post"}],"author":[{"embeddable":true,"href":"https:\/\/diariodigitalnea.com\/index.php\/wp-json\/wp\/v2\/users\/3"}],"replies":[{"embeddable":true,"href":"https:\/\/diariodigitalnea.com\/index.php\/wp-json\/wp\/v2\/comments?post=3712"}],"version-history":[{"count":1,"href":"https:\/\/diariodigitalnea.com\/index.php\/wp-json\/wp\/v2\/posts\/3712\/revisions"}],"predecessor-version":[{"id":3715,"href":"https:\/\/diariodigitalnea.com\/index.php\/wp-json\/wp\/v2\/posts\/3712\/revisions\/3715"}],"wp:featuredmedia":[{"embeddable":true,"href":"https:\/\/diariodigitalnea.com\/index.php\/wp-json\/wp\/v2\/media\/3713"}],"wp:attachment":[{"href":"https:\/\/diariodigitalnea.com\/index.php\/wp-json\/wp\/v2\/media?parent=3712"}],"wp:term":[{"taxonomy":"category","embeddable":true,"href":"https:\/\/diariodigitalnea.com\/index.php\/wp-json\/wp\/v2\/categories?post=3712"},{"taxonomy":"post_tag","embeddable":true,"href":"https:\/\/diariodigitalnea.com\/index.php\/wp-json\/wp\/v2\/tags?post=3712"}],"curies":[{"name":"wp","href":"https:\/\/api.w.org\/{rel}","templated":true}]}}