{"id":3705,"date":"2022-11-29T00:58:45","date_gmt":"2022-11-29T00:58:45","guid":{"rendered":"https:\/\/diariodigitalnea.com\/?p=3705"},"modified":"2022-11-29T01:00:32","modified_gmt":"2022-11-29T01:00:32","slug":"wanda-nara-llego-a-la-argentina-y-se-suma-a-gran-hermano-2022","status":"publish","type":"post","link":"https:\/\/diariodigitalnea.com\/index.php\/2022\/11\/29\/wanda-nara-llego-a-la-argentina-y-se-suma-a-gran-hermano-2022\/","title":{"rendered":"Wanda Nara lleg\u00f3 a la Argentina y se suma a Gran Hermano 2022"},"content":{"rendered":"\n<p>La modelo se incorporar\u00e1 a la casa m\u00e1s famosa del pa\u00eds y los fans del reality show est\u00e1n conmocionados por la noticia.<\/p>\n\n\n\n<p>Wanda Nara arrib\u00f3 a la Argentina en las \u00faltimas horas y se sumar\u00e1 a Gran Hermano. Despu\u00e9s de confirmarse el acontecimiento, se espera por la confirmaci\u00f3n oficial para conocer con precisi\u00f3n el lugar que ocupar\u00e1 en el exitoso reality.<\/p>\n\n\n\n<figure class=\"wp-block-image size-full\"><img fetchpriority=\"high\" decoding=\"async\" width=\"816\" height=\"730\" src=\"http:\/\/diariodigitalnea.com\/wp-content\/uploads\/2022\/11\/wan-2.jpg\" alt=\"\" class=\"wp-image-3706\" srcset=\"https:\/\/diariodigitalnea.com\/wp-content\/uploads\/2022\/11\/wan-2.jpg 816w, https:\/\/diariodigitalnea.com\/wp-content\/uploads\/2022\/11\/wan-2-300x268.jpg 300w, https:\/\/diariodigitalnea.com\/wp-content\/uploads\/2022\/11\/wan-2-768x687.jpg 768w\" sizes=\"(max-width: 816px) 100vw, 816px\" \/><\/figure>\n\n\n\n<p>La informaci\u00f3n ser\u00e1 seguramente otro sacud\u00f3n grande para la casa m\u00e1s famosa del pa\u00eds, que parece no tener descanso. El entorno de Wanda asegura que est\u00e1 todo dado para que la modelo se sume al programa despu\u00e9s de que arregle un detalle econ\u00f3mico.<\/p>\n\n\n\n<figure class=\"wp-block-image size-full\"><img decoding=\"async\" width=\"778\" height=\"775\" src=\"http:\/\/diariodigitalnea.com\/wp-content\/uploads\/2022\/11\/wan3-2.jpg\" alt=\"\" class=\"wp-image-3708\" srcset=\"https:\/\/diariodigitalnea.com\/wp-content\/uploads\/2022\/11\/wan3-2.jpg 778w, https:\/\/diariodigitalnea.com\/wp-content\/uploads\/2022\/11\/wan3-2-300x300.jpg 300w, https:\/\/diariodigitalnea.com\/wp-content\/uploads\/2022\/11\/wan3-2-150x150.jpg 150w, https:\/\/diariodigitalnea.com\/wp-content\/uploads\/2022\/11\/wan3-2-768x765.jpg 768w, https:\/\/diariodigitalnea.com\/wp-content\/uploads\/2022\/11\/wan3-2-200x200.jpg 200w\" sizes=\"(max-width: 778px) 100vw, 778px\" \/><\/figure>\n\n\n\n<p>Acerca de la manera en la que Wanda se incorporar\u00e1 a Gran Hermano, una de las posibilidades es que la medi\u00e1tica ingrese a la casa camuflada, para que los participantes no puedan darse cuenta de que entr\u00f3 y se descubra su ingreso en una segunda instancia.<\/p>\n\n\n\n<figure class=\"wp-block-image size-full\"><img decoding=\"async\" width=\"615\" height=\"771\" src=\"http:\/\/diariodigitalnea.com\/wp-content\/uploads\/2022\/11\/wan2-1.jpg\" alt=\"\" class=\"wp-image-3707\" srcset=\"https:\/\/diariodigitalnea.com\/wp-content\/uploads\/2022\/11\/wan2-1.jpg 615w, https:\/\/diariodigitalnea.com\/wp-content\/uploads\/2022\/11\/wan2-1-239x300.jpg 239w\" sizes=\"(max-width: 615px) 100vw, 615px\" \/><\/figure>\n\n\n\n<p>Por otro lado, se desconoce hasta cu\u00e1ndo se quedar\u00e1 Wanda en la Argentina pero est\u00e1 la chance de que la modelo pase su cumplea\u00f1os en el pa\u00eds, el 9 de diciembre, aunque de confirmarse ese dato significa que lo celebrar\u00eda lejos de sus hijos.<\/p>\n","protected":false},"excerpt":{"rendered":"<p>La modelo se incorporar\u00e1 a la casa m\u00e1s famosa del pa\u00eds y los fans del reality show est\u00e1n conmocionados por la noticia. Wanda Nara arrib\u00f3 a la Argentina en las \u00faltimas horas y se sumar\u00e1 a Gran Hermano. Despu\u00e9s de confirmarse el acontecimiento, se espera por la confirmaci\u00f3n oficial para conocer con precisi\u00f3n el lugar [&hellip;]<\/p>\n","protected":false},"author":3,"featured_media":3710,"comment_status":"closed","ping_status":"closed","sticky":false,"template":"","format":"standard","meta":{"om_disable_all_campaigns":false,"_monsterinsights_skip_tracking":false,"_monsterinsights_sitenote_active":false,"_monsterinsights_sitenote_note":"","_monsterinsights_sitenote_category":0,"footnotes":""},"categories":[7],"tags":[801,814,487],"class_list":["post-3705","post","type-post","status-publish","format-standard","has-post-thumbnail","hentry","category-espectaculos","tag-gran-hermano","tag-reality","tag-wanda-nara"],"aioseo_notices":[],"amp_enabled":true,"_links":{"self":[{"href":"https:\/\/diariodigitalnea.com\/index.php\/wp-json\/wp\/v2\/posts\/3705","targetHints":{"allow":["GET"]}}],"collection":[{"href":"https:\/\/diariodigitalnea.com\/index.php\/wp-json\/wp\/v2\/posts"}],"about":[{"href":"https:\/\/diariodigitalnea.com\/index.php\/wp-json\/wp\/v2\/types\/post"}],"author":[{"embeddable":true,"href":"https:\/\/diariodigitalnea.com\/index.php\/wp-json\/wp\/v2\/users\/3"}],"replies":[{"embeddable":true,"href":"https:\/\/diariodigitalnea.com\/index.php\/wp-json\/wp\/v2\/comments?post=3705"}],"version-history":[{"count":2,"href":"https:\/\/diariodigitalnea.com\/index.php\/wp-json\/wp\/v2\/posts\/3705\/revisions"}],"predecessor-version":[{"id":3711,"href":"https:\/\/diariodigitalnea.com\/index.php\/wp-json\/wp\/v2\/posts\/3705\/revisions\/3711"}],"wp:featuredmedia":[{"embeddable":true,"href":"https:\/\/diariodigitalnea.com\/index.php\/wp-json\/wp\/v2\/media\/3710"}],"wp:attachment":[{"href":"https:\/\/diariodigitalnea.com\/index.php\/wp-json\/wp\/v2\/media?parent=3705"}],"wp:term":[{"taxonomy":"category","embeddable":true,"href":"https:\/\/diariodigitalnea.com\/index.php\/wp-json\/wp\/v2\/categories?post=3705"},{"taxonomy":"post_tag","embeddable":true,"href":"https:\/\/diariodigitalnea.com\/index.php\/wp-json\/wp\/v2\/tags?post=3705"}],"curies":[{"name":"wp","href":"https:\/\/api.w.org\/{rel}","templated":true}]}}