{"id":3670,"date":"2022-11-28T21:28:28","date_gmt":"2022-11-28T21:28:28","guid":{"rendered":"https:\/\/diariodigitalnea.com\/?p=3670"},"modified":"2022-11-28T21:32:39","modified_gmt":"2022-11-28T21:32:39","slug":"mundial-de-qatar-2022-protesta-lgtbiq-en-pleno-encuentro-entre-portugal-y-uruguay","status":"publish","type":"post","link":"https:\/\/diariodigitalnea.com\/index.php\/2022\/11\/28\/mundial-de-qatar-2022-protesta-lgtbiq-en-pleno-encuentro-entre-portugal-y-uruguay\/","title":{"rendered":"Mundial de Qatar 2022: protesta LGTBIQ+, mujeres iran\u00edes y por la invasi\u00f3n a Ucrania en pleno encuentro entre Portugal y Uruguay"},"content":{"rendered":"\n<p>Durante el complemento del cotejo, un espectador ingres\u00f3 al campo de juego con una bandera que representa al colectivo.<\/p>\n\n\n\n<p>Corr\u00edan 50 minutos del encuentro correspondiente a la segunda fecha del grupo H entre Uruguay y Portugal por el Mundial de Qatar 2022, cuando un espectador presente en el Estadio Lusail interrumpi\u00f3 el juego con una corrida en el centro del campo mientras portaba una bandera perteneciente al colectivo LGBTIQ+<\/p>\n\n\n\n<figure class=\"wp-block-image size-full\"><img fetchpriority=\"high\" decoding=\"async\" width=\"847\" height=\"577\" src=\"https:\/\/diariodigitalnea.com\/wp-content\/uploads\/2022\/11\/lg1.jpg\" alt=\"\" class=\"wp-image-3671\" srcset=\"https:\/\/diariodigitalnea.com\/wp-content\/uploads\/2022\/11\/lg1.jpg 847w, https:\/\/diariodigitalnea.com\/wp-content\/uploads\/2022\/11\/lg1-300x204.jpg 300w, https:\/\/diariodigitalnea.com\/wp-content\/uploads\/2022\/11\/lg1-768x523.jpg 768w\" sizes=\"(max-width: 847px) 100vw, 847px\" \/><\/figure>\n\n\n\n<p><br>Al momento de su ingreso, fue interceptado por los operativos de seguridad y abucheado por los dem\u00e1s aficionados en el imponente estadio. La transmisi\u00f3n televisiva evit\u00f3 enfocar el momento y quit\u00f3 el foco que estaba en el centro del campo.<\/p>\n\n\n\n<p><br>EL TENSO MOMENTO QUE SE VIVI\u00d3 EN EL ESTADIO LUSAIL<\/p>\n\n\n\n<figure class=\"wp-block-embed is-type-video is-provider-youtube wp-block-embed-youtube wp-embed-aspect-16-9 wp-has-aspect-ratio\"><div class=\"wp-block-embed__wrapper\">\n<iframe title=\"\ud83c\udff3\ufe0f\u200d\ud83c\udf08Bandera\ud83c\udff3\ufe0f\u200d\ud83c\udf08LGBT en el #portugal vs #uruguay #qatar #worldcup #gay #estadio\" width=\"1200\" height=\"675\" src=\"https:\/\/www.youtube.com\/embed\/GJFh2ej3jKg?feature=oembed\" frameborder=\"0\" allow=\"accelerometer; autoplay; clipboard-write; encrypted-media; gyroscope; picture-in-picture\" allowfullscreen><\/iframe>\n<\/div><\/figure>\n\n\n\n<p><br>Ante el pedido del refer\u00ed, los jugadores tuvieron que permanecer en su posici\u00f3n hasta que la seguridad resuelva la entradera en cuesti\u00f3n. Adem\u00e1s de la bandera, el corredor portaba una remera cuyo frente y dorso ten\u00edan la frase \u201cRespeten a las mujeres iran\u00edes\u201d y \u201cSalven Ucrania\u201d.<br>El pa\u00eds anfitri\u00f3n ya advirti\u00f3 que este tipo de manifestaciones no ser\u00edan toleradas, y las penas van desde 3, 5 o 10 a\u00f1os de c\u00e1rcel. En los peores casos, se puede dar inclusive la pena de muerte seg\u00fan lo que dicta la ley islamica.<\/p>\n\n\n\n<figure class=\"wp-block-image size-full\"><img decoding=\"async\" width=\"1024\" height=\"375\" src=\"http:\/\/diariodigitalnea.com\/wp-content\/uploads\/2022\/10\/CONSTRUCAL-CON-FABRICA.jpg\" alt=\"\" class=\"wp-image-2241\" srcset=\"https:\/\/diariodigitalnea.com\/wp-content\/uploads\/2022\/10\/CONSTRUCAL-CON-FABRICA.jpg 1024w, https:\/\/diariodigitalnea.com\/wp-content\/uploads\/2022\/10\/CONSTRUCAL-CON-FABRICA-300x110.jpg 300w, https:\/\/diariodigitalnea.com\/wp-content\/uploads\/2022\/10\/CONSTRUCAL-CON-FABRICA-768x281.jpg 768w\" sizes=\"(max-width: 1024px) 100vw, 1024px\" \/><figcaption>Publicidad: ConstruCal Cales hidratas y vivas para uso vial y construcci\u00f3n TEL: 3624602737<\/figcaption><\/figure>\n","protected":false},"excerpt":{"rendered":"<p>Durante el complemento del cotejo, un espectador ingres\u00f3 al campo de juego con una bandera que representa al colectivo. Corr\u00edan 50 minutos del encuentro correspondiente a la segunda fecha del grupo H entre Uruguay y Portugal por el Mundial de Qatar 2022, cuando un espectador presente en el Estadio Lusail interrumpi\u00f3 el juego con una [&hellip;]<\/p>\n","protected":false},"author":4,"featured_media":3672,"comment_status":"closed","ping_status":"closed","sticky":false,"template":"","format":"standard","meta":{"om_disable_all_campaigns":false,"_monsterinsights_skip_tracking":false,"_monsterinsights_sitenote_active":false,"_monsterinsights_sitenote_note":"","_monsterinsights_sitenote_category":0,"footnotes":""},"categories":[6,9],"tags":[24,1370,1371],"class_list":["post-3670","post","type-post","status-publish","format-standard","has-post-thumbnail","hentry","category-deporte","category-internacionales","tag-guerra-ucrania","tag-lgtbiq","tag-mujeres-inaries"],"aioseo_notices":[],"amp_enabled":true,"_links":{"self":[{"href":"https:\/\/diariodigitalnea.com\/index.php\/wp-json\/wp\/v2\/posts\/3670","targetHints":{"allow":["GET"]}}],"collection":[{"href":"https:\/\/diariodigitalnea.com\/index.php\/wp-json\/wp\/v2\/posts"}],"about":[{"href":"https:\/\/diariodigitalnea.com\/index.php\/wp-json\/wp\/v2\/types\/post"}],"author":[{"embeddable":true,"href":"https:\/\/diariodigitalnea.com\/index.php\/wp-json\/wp\/v2\/users\/4"}],"replies":[{"embeddable":true,"href":"https:\/\/diariodigitalnea.com\/index.php\/wp-json\/wp\/v2\/comments?post=3670"}],"version-history":[{"count":2,"href":"https:\/\/diariodigitalnea.com\/index.php\/wp-json\/wp\/v2\/posts\/3670\/revisions"}],"predecessor-version":[{"id":3675,"href":"https:\/\/diariodigitalnea.com\/index.php\/wp-json\/wp\/v2\/posts\/3670\/revisions\/3675"}],"wp:featuredmedia":[{"embeddable":true,"href":"https:\/\/diariodigitalnea.com\/index.php\/wp-json\/wp\/v2\/media\/3672"}],"wp:attachment":[{"href":"https:\/\/diariodigitalnea.com\/index.php\/wp-json\/wp\/v2\/media?parent=3670"}],"wp:term":[{"taxonomy":"category","embeddable":true,"href":"https:\/\/diariodigitalnea.com\/index.php\/wp-json\/wp\/v2\/categories?post=3670"},{"taxonomy":"post_tag","embeddable":true,"href":"https:\/\/diariodigitalnea.com\/index.php\/wp-json\/wp\/v2\/tags?post=3670"}],"curies":[{"name":"wp","href":"https:\/\/api.w.org\/{rel}","templated":true}]}}