{"id":3644,"date":"2022-11-28T01:33:58","date_gmt":"2022-11-28T01:33:58","guid":{"rendered":"https:\/\/diariodigitalnea.com\/?p=3644"},"modified":"2022-11-28T01:34:00","modified_gmt":"2022-11-28T01:34:00","slug":"la-nafta-se-suma-a-precios-justos-y-solo-aumentara-4-mensual","status":"publish","type":"post","link":"https:\/\/diariodigitalnea.com\/index.php\/2022\/11\/28\/la-nafta-se-suma-a-precios-justos-y-solo-aumentara-4-mensual\/","title":{"rendered":"La nafta se suma a Precios Justos y \u201csolo\u201d aumentar\u00e1 4% mensual"},"content":{"rendered":"\n<p>Este lunes, representantes del Ministerio de Econom\u00eda se reunir\u00e1n con las principales compa\u00f1\u00edas que operan en el mercado argentino para incorporarse el programa Precios Justos. Durante el encuentro se pactar\u00eda que el aumento de combustibles tenga un techo de 4% mensual durante cuatro meses.<\/p>\n\n\n\n<p>A este plan se le sumar\u00eda el compromiso de las empresas para reducir ese techo a un 3,5% mensual. La reuni\u00f3n estar\u00eda encabezada por el ministro de econom\u00eda Sergio Massa acompa\u00f1ado por el secretario de Comercio Mat\u00edas Tombolini y la de Energ\u00eda Flavia Roy\u00f3n.<\/p>\n\n\n\n<p>Seg\u00fan datos suministrados por la Confederaci\u00f3n de Entidades del Comercio de Hidrocarburos y Afines (Cecha), el precio de la nafta aument\u00f3, en t\u00e9rminos interanuales, un 60, 5% tomando los valores de la petrolera estatal YPF. Con este acuerdo, el gobierno intenta combatir uno de los factores que m\u00e1s presiona sobre el \u00edndice inflacionario dada su incidencia en toda la cadena de suministro.<\/p>\n\n\n\n<p>El programa Precios Justos fue lanzado por el gobierno a mediados de noviembre con el objetivo de bajar las expectativas inflacionarias. El plan incorpor\u00f3 una canasta de 1.800 productos que mantendr\u00e1n sus precios durante cuatro meses.&nbsp; Para asegurar que el acuerdo sea respetado, se design\u00f3 a la Secretar\u00eda de Comercio para monitorear los comercios adheridos y se puso a disposici\u00f3n de los consumidores una aplicaci\u00f3n para que puedan chequear que el valor del producto es el correcto.<\/p>\n\n\n\n<figure class=\"wp-block-image size-full\"><img fetchpriority=\"high\" decoding=\"async\" width=\"1024\" height=\"375\" src=\"http:\/\/diariodigitalnea.com\/wp-content\/uploads\/2022\/10\/CONSTRUCAL-CON-FABRICA.jpg\" alt=\"\" class=\"wp-image-2241\" srcset=\"https:\/\/diariodigitalnea.com\/wp-content\/uploads\/2022\/10\/CONSTRUCAL-CON-FABRICA.jpg 1024w, https:\/\/diariodigitalnea.com\/wp-content\/uploads\/2022\/10\/CONSTRUCAL-CON-FABRICA-300x110.jpg 300w, https:\/\/diariodigitalnea.com\/wp-content\/uploads\/2022\/10\/CONSTRUCAL-CON-FABRICA-768x281.jpg 768w\" sizes=\"(max-width: 1024px) 100vw, 1024px\" \/><figcaption>Publicidad: ConstruCal Cales hidratas y vivas para uso vial y construcci\u00f3n TEL: 3624602737<\/figcaption><\/figure>\n","protected":false},"excerpt":{"rendered":"<p>Este lunes, representantes del Ministerio de Econom\u00eda se reunir\u00e1n con las principales compa\u00f1\u00edas que operan en el mercado argentino para incorporarse el programa Precios Justos. Durante el encuentro se pactar\u00eda que el aumento de combustibles tenga un techo de 4% mensual durante cuatro meses. A este plan se le sumar\u00eda el compromiso de las empresas [&hellip;]<\/p>\n","protected":false},"author":3,"featured_media":3645,"comment_status":"closed","ping_status":"closed","sticky":false,"template":"","format":"standard","meta":{"om_disable_all_campaigns":false,"_monsterinsights_skip_tracking":false,"_monsterinsights_sitenote_active":false,"_monsterinsights_sitenote_note":"","_monsterinsights_sitenote_category":0,"footnotes":""},"categories":[5,90],"tags":[617,89,1358,1359,147],"class_list":["post-3644","post","type-post","status-publish","format-standard","has-post-thumbnail","hentry","category-economia","category-nacionales","tag-aumento-de-precio","tag-economia","tag-nafta","tag-precios-justos","tag-sergio-massa"],"aioseo_notices":[],"amp_enabled":true,"_links":{"self":[{"href":"https:\/\/diariodigitalnea.com\/index.php\/wp-json\/wp\/v2\/posts\/3644","targetHints":{"allow":["GET"]}}],"collection":[{"href":"https:\/\/diariodigitalnea.com\/index.php\/wp-json\/wp\/v2\/posts"}],"about":[{"href":"https:\/\/diariodigitalnea.com\/index.php\/wp-json\/wp\/v2\/types\/post"}],"author":[{"embeddable":true,"href":"https:\/\/diariodigitalnea.com\/index.php\/wp-json\/wp\/v2\/users\/3"}],"replies":[{"embeddable":true,"href":"https:\/\/diariodigitalnea.com\/index.php\/wp-json\/wp\/v2\/comments?post=3644"}],"version-history":[{"count":1,"href":"https:\/\/diariodigitalnea.com\/index.php\/wp-json\/wp\/v2\/posts\/3644\/revisions"}],"predecessor-version":[{"id":3646,"href":"https:\/\/diariodigitalnea.com\/index.php\/wp-json\/wp\/v2\/posts\/3644\/revisions\/3646"}],"wp:featuredmedia":[{"embeddable":true,"href":"https:\/\/diariodigitalnea.com\/index.php\/wp-json\/wp\/v2\/media\/3645"}],"wp:attachment":[{"href":"https:\/\/diariodigitalnea.com\/index.php\/wp-json\/wp\/v2\/media?parent=3644"}],"wp:term":[{"taxonomy":"category","embeddable":true,"href":"https:\/\/diariodigitalnea.com\/index.php\/wp-json\/wp\/v2\/categories?post=3644"},{"taxonomy":"post_tag","embeddable":true,"href":"https:\/\/diariodigitalnea.com\/index.php\/wp-json\/wp\/v2\/tags?post=3644"}],"curies":[{"name":"wp","href":"https:\/\/api.w.org\/{rel}","templated":true}]}}