{"id":3592,"date":"2022-11-26T03:33:24","date_gmt":"2022-11-26T03:33:24","guid":{"rendered":"https:\/\/diariodigitalnea.com\/?p=3592"},"modified":"2022-11-26T03:34:53","modified_gmt":"2022-11-26T03:34:53","slug":"tras-reconciliarse-wanda-nara-y-mauro-icardi-buscan-tener-un-varon-las-pruebas","status":"publish","type":"post","link":"https:\/\/diariodigitalnea.com\/index.php\/2022\/11\/26\/tras-reconciliarse-wanda-nara-y-mauro-icardi-buscan-tener-un-varon-las-pruebas\/","title":{"rendered":"Tras reconciliarse, Wanda Nara y Mauro Icardi buscan tener un var\u00f3n: las pruebas"},"content":{"rendered":"\n<p>La empresaria y el futbolista mostraron en sus redes sociales el deseo de agrandar la familia y hasta anunciaron la inicial de c\u00f3mo se llamar\u00eda el beb\u00e9.<\/p>\n\n\n\n<p>Luego de que Mauro Icardi anunciara su reconciliaci\u00f3n con Wanda Nara, las especulaciones sobre el amor de la pareja continuaron. A los seguidores de ambos les llam\u00f3 mucho la atenci\u00f3n que la empresaria en ning\u00fan momento le dio \u00abme gusta\u00bb a las fotos que el futbolista comparti\u00f3, as\u00ed como tampoco le coment\u00f3 el posteo, aunque Mauro insisti\u00f3 y hasta la pirope\u00f3 en un posteo. A pesar de ello, el pap\u00e1 de Francesca e Isabella sigue publicando en sus redes sociales.<\/p>\n\n\n\n<figure class=\"wp-block-image size-full\"><img fetchpriority=\"high\" decoding=\"async\" width=\"621\" height=\"540\" src=\"http:\/\/diariodigitalnea.com\/wp-content\/uploads\/2022\/11\/wan4-1.jpg\" alt=\"\" class=\"wp-image-3595\" srcset=\"https:\/\/diariodigitalnea.com\/wp-content\/uploads\/2022\/11\/wan4-1.jpg 621w, https:\/\/diariodigitalnea.com\/wp-content\/uploads\/2022\/11\/wan4-1-300x261.jpg 300w\" sizes=\"(max-width: 621px) 100vw, 621px\" \/><\/figure>\n\n\n\n<p>En esta ocasi\u00f3n, el deportista subi\u00f3 nuevas im\u00e1genes de la pareja donde se los ve\u00eda muy cari\u00f1osos y disfrutando de su estad\u00eda en las Islas Maldivas. Sin embargo, tambi\u00e9n public\u00f3 un chat privado en donde se le\u00e9 las tiernas palabras que le dedic\u00f3 la influencer a su marido. \u00abGracias por otro viaje hermoso, mi lugar favorito sos vos\u00bb, comenz\u00f3 escribiendo la hermana de Zaira Nara.<\/p>\n\n\n\n<figure class=\"wp-block-image size-full\"><img decoding=\"async\" width=\"745\" height=\"622\" src=\"http:\/\/diariodigitalnea.com\/wp-content\/uploads\/2022\/11\/wan-1.jpg\" alt=\"\" class=\"wp-image-3593\" srcset=\"https:\/\/diariodigitalnea.com\/wp-content\/uploads\/2022\/11\/wan-1.jpg 745w, https:\/\/diariodigitalnea.com\/wp-content\/uploads\/2022\/11\/wan-1-300x250.jpg 300w\" sizes=\"(max-width: 745px) 100vw, 745px\" \/><\/figure>\n\n\n\n<p>Y agreg\u00f3: \u00abGracias por traerme a mi para\u00edso, por tu amor y por cuidarme siempre. Nunca dudes cu\u00e1nto te amo. Espero volver con G\u00bb. La \u00faltima frase de Wanda Nara desconcert\u00f3 a sus seguidores ya que muchos empezaron a hablar de un posible embarazo. Desde hace un tiempo la pareja hab\u00eda comentado que les gustar\u00eda tener un hijo var\u00f3n, pero nunca advirtieron que lo iban a llevar a cabo.&nbsp;<\/p>\n\n\n\n<figure class=\"wp-block-image size-large\"><img decoding=\"async\" width=\"590\" height=\"1024\" src=\"http:\/\/diariodigitalnea.com\/wp-content\/uploads\/2022\/11\/wan3-1-590x1024.jpg\" alt=\"\" class=\"wp-image-3594\" srcset=\"https:\/\/diariodigitalnea.com\/wp-content\/uploads\/2022\/11\/wan3-1-590x1024.jpg 590w, https:\/\/diariodigitalnea.com\/wp-content\/uploads\/2022\/11\/wan3-1-173x300.jpg 173w, https:\/\/diariodigitalnea.com\/wp-content\/uploads\/2022\/11\/wan3-1.jpg 745w\" sizes=\"(max-width: 590px) 100vw, 590px\" \/><\/figure>\n\n\n\n<p>Frente al mensaje que recibi\u00f3 por parte de la empresaria, Mauro Icardi le respondi\u00f3: \u00abGracias a vos por tan lindo mensaje. \u00a1Al final no estoy tan loco como me trataron por contar uno de sus deseos! Pronto volveremos con G\u00bb. En su contestaci\u00f3n, el deportista aprovecha la ocasi\u00f3n para ubicar a las personas que lo criticaban por comentarle los posteos de Instagram mientras la influencer se encontraba en Argentina y se la hab\u00eda vinculado amorosamente con L-Gante.<\/p>\n","protected":false},"excerpt":{"rendered":"<p>La empresaria y el futbolista mostraron en sus redes sociales el deseo de agrandar la familia y hasta anunciaron la inicial de c\u00f3mo se llamar\u00eda el beb\u00e9. Luego de que Mauro Icardi anunciara su reconciliaci\u00f3n con Wanda Nara, las especulaciones sobre el amor de la pareja continuaron. A los seguidores de ambos les llam\u00f3 mucho [&hellip;]<\/p>\n","protected":false},"author":3,"featured_media":3596,"comment_status":"closed","ping_status":"closed","sticky":false,"template":"","format":"standard","meta":{"om_disable_all_campaigns":false,"_monsterinsights_skip_tracking":false,"_monsterinsights_sitenote_active":false,"_monsterinsights_sitenote_note":"","_monsterinsights_sitenote_category":0,"footnotes":""},"categories":[7],"tags":[21,965,1193,487],"class_list":["post-3592","post","type-post","status-publish","format-standard","has-post-thumbnail","hentry","category-espectaculos","tag-espectaculos","tag-mauro-icardi","tag-reconciliacion","tag-wanda-nara"],"aioseo_notices":[],"amp_enabled":true,"_links":{"self":[{"href":"https:\/\/diariodigitalnea.com\/index.php\/wp-json\/wp\/v2\/posts\/3592","targetHints":{"allow":["GET"]}}],"collection":[{"href":"https:\/\/diariodigitalnea.com\/index.php\/wp-json\/wp\/v2\/posts"}],"about":[{"href":"https:\/\/diariodigitalnea.com\/index.php\/wp-json\/wp\/v2\/types\/post"}],"author":[{"embeddable":true,"href":"https:\/\/diariodigitalnea.com\/index.php\/wp-json\/wp\/v2\/users\/3"}],"replies":[{"embeddable":true,"href":"https:\/\/diariodigitalnea.com\/index.php\/wp-json\/wp\/v2\/comments?post=3592"}],"version-history":[{"count":2,"href":"https:\/\/diariodigitalnea.com\/index.php\/wp-json\/wp\/v2\/posts\/3592\/revisions"}],"predecessor-version":[{"id":3598,"href":"https:\/\/diariodigitalnea.com\/index.php\/wp-json\/wp\/v2\/posts\/3592\/revisions\/3598"}],"wp:featuredmedia":[{"embeddable":true,"href":"https:\/\/diariodigitalnea.com\/index.php\/wp-json\/wp\/v2\/media\/3596"}],"wp:attachment":[{"href":"https:\/\/diariodigitalnea.com\/index.php\/wp-json\/wp\/v2\/media?parent=3592"}],"wp:term":[{"taxonomy":"category","embeddable":true,"href":"https:\/\/diariodigitalnea.com\/index.php\/wp-json\/wp\/v2\/categories?post=3592"},{"taxonomy":"post_tag","embeddable":true,"href":"https:\/\/diariodigitalnea.com\/index.php\/wp-json\/wp\/v2\/tags?post=3592"}],"curies":[{"name":"wp","href":"https:\/\/api.w.org\/{rel}","templated":true}]}}