{"id":3471,"date":"2022-11-23T13:01:19","date_gmt":"2022-11-23T13:01:19","guid":{"rendered":"https:\/\/diariodigitalnea.com\/?p=3471"},"modified":"2022-11-23T13:01:20","modified_gmt":"2022-11-23T13:01:20","slug":"pruebas-aprender-150-mil-estudiantes-participan-hoy-de-la-jornada","status":"publish","type":"post","link":"https:\/\/diariodigitalnea.com\/index.php\/2022\/11\/23\/pruebas-aprender-150-mil-estudiantes-participan-hoy-de-la-jornada\/","title":{"rendered":"Pruebas Aprender: 150 mil estudiantes participan hoy de la jornada"},"content":{"rendered":"\n<p>La misma ser\u00e1 este mi\u00e9rcoles, en escuelas primarias de todo el pa\u00eds. El objetivo ser\u00e1 conocer los contenidos y capacidades cognitivas de Lengua y Matem\u00e1tica.<\/p>\n\n\n\n<p>150 mil estudiantes de 4 mil escuelas primarias de todo el pa\u00eds realizar\u00e1n este mi\u00e9rcoles 23 de noviembre la Prueba Aprender, que organiza el Ministerio de Educaci\u00f3n de la Naci\u00f3n a trav\u00e9s de la Secretar\u00eda de Evaluaci\u00f3n e Informaci\u00f3n Educativa (SEIE).<\/p>\n\n\n\n<p>Esta prueba se incorpor\u00f3 al Plan de Evaluaci\u00f3n Educativa 2021-2022 por consenso federal, a trav\u00e9s de la Resoluci\u00f3n CFE 432\/22, con el objetivo de obtener una medici\u00f3n intermedia entre la prueba censal de primaria del a\u00f1o 2021 y la del 2023.<\/p>\n\n\n\n<p>Adem\u00e1s, permite analizar los desempe\u00f1os en el contexto educativo actual de presencialidad plena, acompa\u00f1ado por la implementaci\u00f3n de programas nacionales y jurisdiccionales destinados a la intensificaci\u00f3n de la ense\u00f1anza y a la provisi\u00f3n de recursos pedag\u00f3gicos.<\/p>\n\n\n\n<figure class=\"wp-block-image size-large\"><img fetchpriority=\"high\" decoding=\"async\" width=\"1024\" height=\"576\" src=\"http:\/\/diariodigitalnea.com\/wp-content\/uploads\/2022\/11\/aprender4-1024x576.jpg\" alt=\"\" class=\"wp-image-3473\" srcset=\"https:\/\/diariodigitalnea.com\/wp-content\/uploads\/2022\/11\/aprender4-1024x576.jpg 1024w, https:\/\/diariodigitalnea.com\/wp-content\/uploads\/2022\/11\/aprender4-300x169.jpg 300w, https:\/\/diariodigitalnea.com\/wp-content\/uploads\/2022\/11\/aprender4-768x432.jpg 768w, https:\/\/diariodigitalnea.com\/wp-content\/uploads\/2022\/11\/aprender4.jpg 1280w\" sizes=\"(max-width: 1024px) 100vw, 1024px\" \/><\/figure>\n\n\n\n<p>Aprender 2022 posibilitar\u00e1 conocer el grado de dominio que los estudiantes de nivel primario tienen sobre un recorte espec\u00edfico de contenidos y capacidades cognitivas de Lengua y Matem\u00e1tica durante su trayectoria escolar.<\/p>\n\n\n\n<p>Tambi\u00e9n se aplicar\u00e1n los cuestionarios tradicionales a los directivos y estudiantes con un m\u00f3dulo adicional que permitir\u00e1 examinar la implementaci\u00f3n de la pol\u00edtica Libros para Aprender y el uso del material de lectura distribuido por el Ministerio de Educaci\u00f3n.<\/p>\n\n\n\n<p>Los resultados se publicar\u00e1n a partir del inicio del ciclo lectivo 2023 y tambi\u00e9n estar\u00e1n incluidos en el Sistema Integrado de Consulta de Datos e Indicadores Educativos (SICDIE).<\/p>\n\n\n\n<figure class=\"wp-block-image size-full\"><img decoding=\"async\" width=\"1024\" height=\"375\" src=\"http:\/\/diariodigitalnea.com\/wp-content\/uploads\/2022\/10\/CONSTRUCAL-CON-FABRICA.jpg\" alt=\"\" class=\"wp-image-2241\" srcset=\"https:\/\/diariodigitalnea.com\/wp-content\/uploads\/2022\/10\/CONSTRUCAL-CON-FABRICA.jpg 1024w, https:\/\/diariodigitalnea.com\/wp-content\/uploads\/2022\/10\/CONSTRUCAL-CON-FABRICA-300x110.jpg 300w, https:\/\/diariodigitalnea.com\/wp-content\/uploads\/2022\/10\/CONSTRUCAL-CON-FABRICA-768x281.jpg 768w\" sizes=\"(max-width: 1024px) 100vw, 1024px\" \/><figcaption>Publicidad: ConstruCal Cales hidratas y vivas para uso vial y construcci\u00f3n TEL: 3624602737<\/figcaption><\/figure>\n","protected":false},"excerpt":{"rendered":"<p>La misma ser\u00e1 este mi\u00e9rcoles, en escuelas primarias de todo el pa\u00eds. El objetivo ser\u00e1 conocer los contenidos y capacidades cognitivas de Lengua y Matem\u00e1tica. 150 mil estudiantes de 4 mil escuelas primarias de todo el pa\u00eds realizar\u00e1n este mi\u00e9rcoles 23 de noviembre la Prueba Aprender, que organiza el Ministerio de Educaci\u00f3n de la Naci\u00f3n [&hellip;]<\/p>\n","protected":false},"author":3,"featured_media":3472,"comment_status":"closed","ping_status":"closed","sticky":false,"template":"","format":"standard","meta":{"om_disable_all_campaigns":false,"_monsterinsights_skip_tracking":false,"_monsterinsights_sitenote_active":false,"_monsterinsights_sitenote_note":"","_monsterinsights_sitenote_category":0,"footnotes":""},"categories":[90],"tags":[1286,436,1287,1288,1285],"class_list":["post-3471","post","type-post","status-publish","format-standard","has-post-thumbnail","hentry","category-nacionales","tag-a-secretaria-de-evaluacion-e-informacion-educativa","tag-estudiantes","tag-evaluacion","tag-plan-de-evaluacion-educativa","tag-pruebas-aprender"],"aioseo_notices":[],"amp_enabled":true,"_links":{"self":[{"href":"https:\/\/diariodigitalnea.com\/index.php\/wp-json\/wp\/v2\/posts\/3471","targetHints":{"allow":["GET"]}}],"collection":[{"href":"https:\/\/diariodigitalnea.com\/index.php\/wp-json\/wp\/v2\/posts"}],"about":[{"href":"https:\/\/diariodigitalnea.com\/index.php\/wp-json\/wp\/v2\/types\/post"}],"author":[{"embeddable":true,"href":"https:\/\/diariodigitalnea.com\/index.php\/wp-json\/wp\/v2\/users\/3"}],"replies":[{"embeddable":true,"href":"https:\/\/diariodigitalnea.com\/index.php\/wp-json\/wp\/v2\/comments?post=3471"}],"version-history":[{"count":1,"href":"https:\/\/diariodigitalnea.com\/index.php\/wp-json\/wp\/v2\/posts\/3471\/revisions"}],"predecessor-version":[{"id":3474,"href":"https:\/\/diariodigitalnea.com\/index.php\/wp-json\/wp\/v2\/posts\/3471\/revisions\/3474"}],"wp:featuredmedia":[{"embeddable":true,"href":"https:\/\/diariodigitalnea.com\/index.php\/wp-json\/wp\/v2\/media\/3472"}],"wp:attachment":[{"href":"https:\/\/diariodigitalnea.com\/index.php\/wp-json\/wp\/v2\/media?parent=3471"}],"wp:term":[{"taxonomy":"category","embeddable":true,"href":"https:\/\/diariodigitalnea.com\/index.php\/wp-json\/wp\/v2\/categories?post=3471"},{"taxonomy":"post_tag","embeddable":true,"href":"https:\/\/diariodigitalnea.com\/index.php\/wp-json\/wp\/v2\/tags?post=3471"}],"curies":[{"name":"wp","href":"https:\/\/api.w.org\/{rel}","templated":true}]}}