{"id":3376,"date":"2022-11-20T14:16:14","date_gmt":"2022-11-20T14:16:14","guid":{"rendered":"https:\/\/diariodigitalnea.com\/?p=3376"},"modified":"2022-11-20T14:59:05","modified_gmt":"2022-11-20T14:59:05","slug":"murio-hebe-de-bonafini-presidenta-de-madres-de-plaza-de-mayo","status":"publish","type":"post","link":"https:\/\/diariodigitalnea.com\/index.php\/2022\/11\/20\/murio-hebe-de-bonafini-presidenta-de-madres-de-plaza-de-mayo\/","title":{"rendered":"Muri\u00f3 Hebe de Bonafini, presidenta de Madres de Plaza de Mayo"},"content":{"rendered":"\n<p>La presidenta de Madres de Plaza de Mayo, Hebe de Bonafini, falleci\u00f3 hoy a los 93 a\u00f1os, informaron a T\u00e9lam fuentes cercanas a la referente de los derechos humanos.<\/p>\n\n\n\n<p>Bonafini hab\u00eda sido dada de alta el 13 de octubre, despu\u00e9s de haber estado internada tres d\u00edas en el Hospital Italiano de la ciudad de La Plata para realizarse controles m\u00e9dicos.<\/p>\n\n\n\n<p>La semana previa a esa internaci\u00f3n, la dirigente -que fue una de las cofundadoras de Madres de Plaza de Mayo- hab\u00eda encabezado la marcha que realiza todos los jueves, y en esa ocasi\u00f3n hab\u00edan invitado a estudiantes secundarios para que expusieran sobre las tomas de escuelas en la ciudad de Buenos Aires.<\/p>\n\n\n\n<figure class=\"wp-block-image size-large\"><img fetchpriority=\"high\" decoding=\"async\" width=\"1024\" height=\"675\" src=\"http:\/\/diariodigitalnea.com\/wp-content\/uploads\/2022\/11\/hebe3-1024x675.jpg\" alt=\"\" class=\"wp-image-3386\" srcset=\"https:\/\/diariodigitalnea.com\/wp-content\/uploads\/2022\/11\/hebe3-1024x675.jpg 1024w, https:\/\/diariodigitalnea.com\/wp-content\/uploads\/2022\/11\/hebe3-300x198.jpg 300w, https:\/\/diariodigitalnea.com\/wp-content\/uploads\/2022\/11\/hebe3-768x506.jpg 768w, https:\/\/diariodigitalnea.com\/wp-content\/uploads\/2022\/11\/hebe3.jpg 1086w\" sizes=\"(max-width: 1024px) 100vw, 1024px\" \/><\/figure>\n\n\n\n<p>El d\u00eda anterior a esa activdidad, el mi\u00e9rcoles 5 de octubre, Bonafini hab\u00eda asistido al Centro Cultural Kirchner (CCK) para presenciar la inauguraci\u00f3n de la muestra fotogr\u00e1fica que expuso en im\u00e1genes su biograf\u00eda, titulada \u2018Hebe de Bonafini, una madre rev\/belada\u2018.<\/p>\n\n\n\n<p>En la presentaci\u00f3n, se refiri\u00f3 a su historia y a la de su familia, y agradeci\u00f3 al ver las fotos que captaban momentos de su vida y las de sus hijos Jorge Omar y Ra\u00fal Alfredo, secuestrados y desaparecidos por la dictadura c\u00edvico militar.\u2018Me olvid\u00e9 de qui\u00e9n era el d\u00eda en que ellos desaparecieron, nunca pens\u00e9 m\u00e1s en m\u00ed\u2018, dijo Bonafini en ese evento del CCK.<\/p>\n\n\n\n<figure class=\"wp-block-image size-large\"><img decoding=\"async\" width=\"1024\" height=\"683\" src=\"http:\/\/diariodigitalnea.com\/wp-content\/uploads\/2022\/11\/eve-1024x683.jpg\" alt=\"\" class=\"wp-image-3384\" srcset=\"https:\/\/diariodigitalnea.com\/wp-content\/uploads\/2022\/11\/eve-1024x683.jpg 1024w, https:\/\/diariodigitalnea.com\/wp-content\/uploads\/2022\/11\/eve-300x200.jpg 300w, https:\/\/diariodigitalnea.com\/wp-content\/uploads\/2022\/11\/eve-768x512.jpg 768w, https:\/\/diariodigitalnea.com\/wp-content\/uploads\/2022\/11\/eve-900x600.jpg 900w, https:\/\/diariodigitalnea.com\/wp-content\/uploads\/2022\/11\/eve.jpg 1440w\" sizes=\"(max-width: 1024px) 100vw, 1024px\" \/><\/figure>\n\n\n\n<p>Al repasar su biograf\u00eda, cont\u00f3 que sus padres y su abuela le hab\u00edan ense\u00f1ado \u2018el valor del trabajo\u2018 mientras que sus hijos desaparecidos le ense\u00f1aron \u2018lo que es la pol\u00edtica\u2018.Bonafini hab\u00eda nacido en un barrio obrero de la localidad de Ensenada y hubiera cumplido 94 a\u00f1os el 4 de diciembre pr\u00f3ximo.<\/p>\n","protected":false},"excerpt":{"rendered":"<p>La presidenta de Madres de Plaza de Mayo, Hebe de Bonafini, falleci\u00f3 hoy a los 93 a\u00f1os, informaron a T\u00e9lam fuentes cercanas a la referente de los derechos humanos. Bonafini hab\u00eda sido dada de alta el 13 de octubre, despu\u00e9s de haber estado internada tres d\u00edas en el Hospital Italiano de la ciudad de La [&hellip;]<\/p>\n","protected":false},"author":3,"featured_media":3377,"comment_status":"closed","ping_status":"closed","sticky":false,"template":"","format":"standard","meta":{"om_disable_all_campaigns":false,"_monsterinsights_skip_tracking":false,"_monsterinsights_sitenote_active":false,"_monsterinsights_sitenote_note":"","_monsterinsights_sitenote_category":0,"footnotes":""},"categories":[90],"tags":[203,1247,1248],"class_list":["post-3376","post","type-post","status-publish","format-standard","has-post-thumbnail","hentry","category-nacionales","tag-fallecimiento","tag-hebe-de-bonafini","tag-madres-de-plaza-de-mayo"],"aioseo_notices":[],"amp_enabled":true,"_links":{"self":[{"href":"https:\/\/diariodigitalnea.com\/index.php\/wp-json\/wp\/v2\/posts\/3376","targetHints":{"allow":["GET"]}}],"collection":[{"href":"https:\/\/diariodigitalnea.com\/index.php\/wp-json\/wp\/v2\/posts"}],"about":[{"href":"https:\/\/diariodigitalnea.com\/index.php\/wp-json\/wp\/v2\/types\/post"}],"author":[{"embeddable":true,"href":"https:\/\/diariodigitalnea.com\/index.php\/wp-json\/wp\/v2\/users\/3"}],"replies":[{"embeddable":true,"href":"https:\/\/diariodigitalnea.com\/index.php\/wp-json\/wp\/v2\/comments?post=3376"}],"version-history":[{"count":2,"href":"https:\/\/diariodigitalnea.com\/index.php\/wp-json\/wp\/v2\/posts\/3376\/revisions"}],"predecessor-version":[{"id":3387,"href":"https:\/\/diariodigitalnea.com\/index.php\/wp-json\/wp\/v2\/posts\/3376\/revisions\/3387"}],"wp:featuredmedia":[{"embeddable":true,"href":"https:\/\/diariodigitalnea.com\/index.php\/wp-json\/wp\/v2\/media\/3377"}],"wp:attachment":[{"href":"https:\/\/diariodigitalnea.com\/index.php\/wp-json\/wp\/v2\/media?parent=3376"}],"wp:term":[{"taxonomy":"category","embeddable":true,"href":"https:\/\/diariodigitalnea.com\/index.php\/wp-json\/wp\/v2\/categories?post=3376"},{"taxonomy":"post_tag","embeddable":true,"href":"https:\/\/diariodigitalnea.com\/index.php\/wp-json\/wp\/v2\/tags?post=3376"}],"curies":[{"name":"wp","href":"https:\/\/api.w.org\/{rel}","templated":true}]}}