{"id":3372,"date":"2022-11-20T14:13:57","date_gmt":"2022-11-20T14:13:57","guid":{"rendered":"https:\/\/diariodigitalnea.com\/?p=3372"},"modified":"2022-11-20T14:13:57","modified_gmt":"2022-11-20T14:13:57","slug":"incendio-y-muerte-en-resistencia-investigan-la-causa-que-provoco-el-fuego","status":"publish","type":"post","link":"https:\/\/diariodigitalnea.com\/index.php\/2022\/11\/20\/incendio-y-muerte-en-resistencia-investigan-la-causa-que-provoco-el-fuego\/","title":{"rendered":"Incendio y muerte en Resistencia: investigan la causa que provoc\u00f3 el fuego"},"content":{"rendered":"\n<p>Esta madrugada, agentes de la Comisar\u00eda D\u00e9cima fueron alertados de un incendio en Villa Ghio. En el lugar habr\u00eda una persona atrapada e intervino personal del Departamento Bomberos junto a Bomberos Voluntarios y vecinos, quienes extinguieron las llamas.<\/p>\n\n\n\n<p>Cerca de las 2:20, los efectivos llegaron a la avenida Rivadavia al 2800 y se entrevistaron con un vecino, quien manifest\u00f3 que su hermano de 47 a\u00f1os se encontraba en el interior, pero no lograron sacarlo ya que las llamas estaban consumiendo el inmueble.<\/p>\n\n\n\n<figure class=\"wp-block-image size-large\"><img fetchpriority=\"high\" decoding=\"async\" width=\"1024\" height=\"766\" src=\"http:\/\/diariodigitalnea.com\/wp-content\/uploads\/2022\/11\/incendio22-1024x766.jpg\" alt=\"\" class=\"wp-image-3374\" srcset=\"https:\/\/diariodigitalnea.com\/wp-content\/uploads\/2022\/11\/incendio22-1024x766.jpg 1024w, https:\/\/diariodigitalnea.com\/wp-content\/uploads\/2022\/11\/incendio22-300x225.jpg 300w, https:\/\/diariodigitalnea.com\/wp-content\/uploads\/2022\/11\/incendio22-768x575.jpg 768w, https:\/\/diariodigitalnea.com\/wp-content\/uploads\/2022\/11\/incendio22.jpg 1280w\" sizes=\"(max-width: 1024px) 100vw, 1024px\" \/><\/figure>\n\n\n\n<p>R\u00e1pidamente, se hace presente cami\u00f3n hidrante del Departamento Bomberos y personal de Bomberos Voluntario quienes sofocaron el foco \u00edgneo. Luego, ingresaron a la vivienda donde se encontr\u00f3 un cuerpo sin vida sobre una estructura met\u00e1lica.<\/p>\n\n\n\n<p>Por orden de la Fiscal\u00eda Penal en turno, los id\u00f3neos realizaron pericias del lugar. Tambi\u00e9n intervino Divisi\u00f3n Medicina Legal quien examin\u00f3 a quien en vida fuera Cubilla V\u00edctor y luego fue trasladado en m\u00f3vil Tanatol\u00f3gico hacia el IMCIF.<\/p>\n","protected":false},"excerpt":{"rendered":"<p>Esta madrugada, agentes de la Comisar\u00eda D\u00e9cima fueron alertados de un incendio en Villa Ghio. En el lugar habr\u00eda una persona atrapada e intervino personal del Departamento Bomberos junto a Bomberos Voluntarios y vecinos, quienes extinguieron las llamas. Cerca de las 2:20, los efectivos llegaron a la avenida Rivadavia al 2800 y se entrevistaron con [&hellip;]<\/p>\n","protected":false},"author":3,"featured_media":3373,"comment_status":"closed","ping_status":"closed","sticky":false,"template":"","format":"standard","meta":{"om_disable_all_campaigns":false,"_monsterinsights_skip_tracking":false,"_monsterinsights_sitenote_active":false,"_monsterinsights_sitenote_note":"","_monsterinsights_sitenote_category":0,"footnotes":""},"categories":[52],"tags":[360,201,61,1246],"class_list":["post-3372","post","type-post","status-publish","format-standard","has-post-thumbnail","hentry","category-policiales","tag-bomberos","tag-incendio","tag-muerte","tag-villa-ghio"],"aioseo_notices":[],"amp_enabled":true,"_links":{"self":[{"href":"https:\/\/diariodigitalnea.com\/index.php\/wp-json\/wp\/v2\/posts\/3372","targetHints":{"allow":["GET"]}}],"collection":[{"href":"https:\/\/diariodigitalnea.com\/index.php\/wp-json\/wp\/v2\/posts"}],"about":[{"href":"https:\/\/diariodigitalnea.com\/index.php\/wp-json\/wp\/v2\/types\/post"}],"author":[{"embeddable":true,"href":"https:\/\/diariodigitalnea.com\/index.php\/wp-json\/wp\/v2\/users\/3"}],"replies":[{"embeddable":true,"href":"https:\/\/diariodigitalnea.com\/index.php\/wp-json\/wp\/v2\/comments?post=3372"}],"version-history":[{"count":1,"href":"https:\/\/diariodigitalnea.com\/index.php\/wp-json\/wp\/v2\/posts\/3372\/revisions"}],"predecessor-version":[{"id":3375,"href":"https:\/\/diariodigitalnea.com\/index.php\/wp-json\/wp\/v2\/posts\/3372\/revisions\/3375"}],"wp:featuredmedia":[{"embeddable":true,"href":"https:\/\/diariodigitalnea.com\/index.php\/wp-json\/wp\/v2\/media\/3373"}],"wp:attachment":[{"href":"https:\/\/diariodigitalnea.com\/index.php\/wp-json\/wp\/v2\/media?parent=3372"}],"wp:term":[{"taxonomy":"category","embeddable":true,"href":"https:\/\/diariodigitalnea.com\/index.php\/wp-json\/wp\/v2\/categories?post=3372"},{"taxonomy":"post_tag","embeddable":true,"href":"https:\/\/diariodigitalnea.com\/index.php\/wp-json\/wp\/v2\/tags?post=3372"}],"curies":[{"name":"wp","href":"https:\/\/api.w.org\/{rel}","templated":true}]}}