{"id":3250,"date":"2022-11-16T22:02:30","date_gmt":"2022-11-16T22:02:30","guid":{"rendered":"https:\/\/diariodigitalnea.com\/?p=3250"},"modified":"2022-11-16T22:04:58","modified_gmt":"2022-11-16T22:04:58","slug":"demichelis-ya-es-oficialmente-el-nuevo-dt-de-river","status":"publish","type":"post","link":"https:\/\/diariodigitalnea.com\/index.php\/2022\/11\/16\/demichelis-ya-es-oficialmente-el-nuevo-dt-de-river\/","title":{"rendered":"Demichelis ya es oficialmente el nuevo DT de River"},"content":{"rendered":"\n<p>Mart\u00edn Demichelis estamp\u00f3 su firma y de esta manera comienza su v\u00ednculo con River. Tendr\u00e1 la dif\u00edcil misi\u00f3n de suceder a Marcelo Gallardo en el cargo<\/p>\n\n\n\n<p>Mart\u00edn Demichelis\u00a0se convirti\u00f3 este jueves en nuevo entrenador de River\u00a0Plate,\u00a0tras el anuncio del club en su p\u00e1gina oficial. El exdefensor, iniciado en la instituci\u00f3n de N\u00fa\u00f1ez, firm\u00f3 su contrato en las oficinas del M\u00e1s Monumental, con vigencia\u00a0hasta diciembre de 2025.<\/p>\n\n\n\n<p>El sucesor de Marcelo Gallardo estuvo acompa\u00f1ado por Jorge Brito (presidente), Mat\u00edas Patanian (vicepresidente 1\u00b0) e Ignacio Villarroel (vicepresidente 2\u00b0).<\/p>\n\n\n\n<p>Demichelis\u00a0realiz\u00f3 un recorrido por las instalaciones del club, como el vestuario local, la concentraci\u00f3n del plantel profesional, el campo de juego y el Museo River, seg\u00fan inform\u00f3 prensa de River. El ex defensor del seleccionado argentino regresa a River luego de su largo periplo europeo, siendo un referente del Bayern M\u00fanich, de Alemania, donde dirigi\u00f3 al segundo equipo en la \u00faltima temporada.<\/p>\n\n\n\n<figure class=\"wp-block-image size-full\"><img fetchpriority=\"high\" decoding=\"async\" width=\"613\" height=\"401\" src=\"http:\/\/diariodigitalnea.com\/wp-content\/uploads\/2022\/11\/river-2.jpg\" alt=\"\" class=\"wp-image-3238\" srcset=\"https:\/\/diariodigitalnea.com\/wp-content\/uploads\/2022\/11\/river-2.jpg 613w, https:\/\/diariodigitalnea.com\/wp-content\/uploads\/2022\/11\/river-2-300x196.jpg 300w\" sizes=\"(max-width: 613px) 100vw, 613px\" \/><\/figure>\n\n\n\n<h3 class=\"wp-block-heading\">Los primeros desaf\u00edos de Demichelis como DT de River<\/h3>\n\n\n\n<p>El nuevo cuerpo t\u00e9cnico de River estar\u00e1 integrado por Germ\u00e1n Lux y Javier Pinola (anunci\u00f3 su retiro en el \u00faltimo amistoso ante Betis el domingo en Mendoza y se suma al grupo de trabajo),\u00a0por\u00a0<strong>Alejandro Saccone como entrenador de arqueros y Flavio P\u00e9rez como preparador f\u00edsico.<\/strong><\/p>\n\n\n\n<p>Demichelis\u00a0pondr\u00e1 manos a la obra con el plantel el 12 de diciembre cuando se inicie la pretemporada en Potrero de los Funes en San Luis y luego viajar\u00e1 a Miami para continuar con los trabajos preparatorios del 3 al 18 de enero, con tres amistosos.<\/p>\n\n\n\n<p>La dirigencia de River tiene en mente organizar un encuentro en el predio de Ezeiza de River Camp entre Gallardo y Demichelis,\u00a0luego de la firma de contrato, a modo de traspaso de mando y como s\u00edmbolo de continuidad del proyecto.<\/p>\n\n\n\n<p>Las primeras decisiones que debe tomar Demichelis tienen que ver con contratos, ya que a fin de a\u00f1o se vencen los v\u00ednculos de Jonatan Maidana -que quiere seguir jugando-, Juan Fernando Quintero, que tiene una cl\u00e1usula de compra alta, y Tom\u00e1s Pochettino, en la misma situaci\u00f3n que el colombiano.<\/p>\n\n\n\n<p>En tanto, el nuevo DT tiene asegurada la continuidad de Nicol\u00e1s de la Cruz, que renov\u00f3 por tres temporadas, y de Ezequiel Barco, a quien River debe comprar al Atlanta United porque super\u00f3 el 75% de los partidos jugados.<\/p>\n\n\n\n<p><\/p>\n\n\n\n<figure class=\"wp-block-image size-full\"><img decoding=\"async\" width=\"1024\" height=\"375\" src=\"http:\/\/diariodigitalnea.com\/wp-content\/uploads\/2022\/10\/CONSTRUCAL-CON-FABRICA.jpg\" alt=\"\" class=\"wp-image-2241\" srcset=\"https:\/\/diariodigitalnea.com\/wp-content\/uploads\/2022\/10\/CONSTRUCAL-CON-FABRICA.jpg 1024w, https:\/\/diariodigitalnea.com\/wp-content\/uploads\/2022\/10\/CONSTRUCAL-CON-FABRICA-300x110.jpg 300w, https:\/\/diariodigitalnea.com\/wp-content\/uploads\/2022\/10\/CONSTRUCAL-CON-FABRICA-768x281.jpg 768w\" sizes=\"(max-width: 1024px) 100vw, 1024px\" \/><figcaption>Publicidad: ConstruCal Cales hidratas y vivas para uso vial y construcci\u00f3n TEL: 3624602737<\/figcaption><\/figure>\n","protected":false},"excerpt":{"rendered":"<p>Mart\u00edn Demichelis estamp\u00f3 su firma y de esta manera comienza su v\u00ednculo con River. Tendr\u00e1 la dif\u00edcil misi\u00f3n de suceder a Marcelo Gallardo en el cargo Mart\u00edn Demichelis\u00a0se convirti\u00f3 este jueves en nuevo entrenador de River\u00a0Plate,\u00a0tras el anuncio del club en su p\u00e1gina oficial. El exdefensor, iniciado en la instituci\u00f3n de N\u00fa\u00f1ez, firm\u00f3 su contrato [&hellip;]<\/p>\n","protected":false},"author":4,"featured_media":3237,"comment_status":"closed","ping_status":"closed","sticky":false,"template":"","format":"standard","meta":{"om_disable_all_campaigns":false,"_monsterinsights_skip_tracking":false,"_monsterinsights_sitenote_active":false,"_monsterinsights_sitenote_note":"","_monsterinsights_sitenote_category":0,"footnotes":""},"categories":[6,90],"tags":[1204,79],"class_list":["post-3250","post","type-post","status-publish","format-standard","has-post-thumbnail","hentry","category-deporte","category-nacionales","tag-demichelis","tag-river"],"aioseo_notices":[],"amp_enabled":true,"_links":{"self":[{"href":"https:\/\/diariodigitalnea.com\/index.php\/wp-json\/wp\/v2\/posts\/3250","targetHints":{"allow":["GET"]}}],"collection":[{"href":"https:\/\/diariodigitalnea.com\/index.php\/wp-json\/wp\/v2\/posts"}],"about":[{"href":"https:\/\/diariodigitalnea.com\/index.php\/wp-json\/wp\/v2\/types\/post"}],"author":[{"embeddable":true,"href":"https:\/\/diariodigitalnea.com\/index.php\/wp-json\/wp\/v2\/users\/4"}],"replies":[{"embeddable":true,"href":"https:\/\/diariodigitalnea.com\/index.php\/wp-json\/wp\/v2\/comments?post=3250"}],"version-history":[{"count":3,"href":"https:\/\/diariodigitalnea.com\/index.php\/wp-json\/wp\/v2\/posts\/3250\/revisions"}],"predecessor-version":[{"id":3254,"href":"https:\/\/diariodigitalnea.com\/index.php\/wp-json\/wp\/v2\/posts\/3250\/revisions\/3254"}],"wp:featuredmedia":[{"embeddable":true,"href":"https:\/\/diariodigitalnea.com\/index.php\/wp-json\/wp\/v2\/media\/3237"}],"wp:attachment":[{"href":"https:\/\/diariodigitalnea.com\/index.php\/wp-json\/wp\/v2\/media?parent=3250"}],"wp:term":[{"taxonomy":"category","embeddable":true,"href":"https:\/\/diariodigitalnea.com\/index.php\/wp-json\/wp\/v2\/categories?post=3250"},{"taxonomy":"post_tag","embeddable":true,"href":"https:\/\/diariodigitalnea.com\/index.php\/wp-json\/wp\/v2\/tags?post=3250"}],"curies":[{"name":"wp","href":"https:\/\/api.w.org\/{rel}","templated":true}]}}