{"id":3217,"date":"2022-11-16T00:16:17","date_gmt":"2022-11-16T00:16:17","guid":{"rendered":"https:\/\/diariodigitalnea.com\/?p=3217"},"modified":"2022-11-16T01:34:13","modified_gmt":"2022-11-16T01:34:13","slug":"gisele-bundchen-se-enamoro-de-su-profesor-de-jiu-jitsu","status":"publish","type":"post","link":"https:\/\/diariodigitalnea.com\/index.php\/2022\/11\/16\/gisele-bundchen-se-enamoro-de-su-profesor-de-jiu-jitsu\/","title":{"rendered":"Gisele B\u00fcndchen se enamor\u00f3 de su profesor de Jiu Jitsu"},"content":{"rendered":"\n<p>La modelo brasile\u00f1a se encuentra viviendo un romance junto a su profesor de defensa personal, ocho a\u00f1os menor que ella. La pareja viaj\u00f3 a Costa Rica. <\/p>\n\n\n\n<p>La s\u00faper modelo brasile\u00f1a Gisele B\u00fcndchen (42 a\u00f1os), apenas separada tras 13 a\u00f1os de matrimonio, ya se encuentra viviendo un apasionado romance con nada menos que su profesor de jiu-jitsu, 8 a\u00f1os menor, con quien se fue de vacaciones a Costa Rica.<br>Seg\u00fan medios de Miami, donde reside B\u00fcndchen, la reci\u00e9n divorciada del jugador de f\u00fatbol americano Tom Brady (45), inici\u00f3 una relaci\u00f3n con Joaquim Valente, un connacional que da clases de defensa personal en Miami.<\/p>\n\n\n\n<figure class=\"wp-block-image size-full\"><img fetchpriority=\"high\" decoding=\"async\" width=\"632\" height=\"386\" src=\"https:\/\/diariodigitalnea.com\/wp-content\/uploads\/2022\/11\/gi7.jpg\" alt=\"\" class=\"wp-image-3220\" srcset=\"https:\/\/diariodigitalnea.com\/wp-content\/uploads\/2022\/11\/gi7.jpg 632w, https:\/\/diariodigitalnea.com\/wp-content\/uploads\/2022\/11\/gi7-300x183.jpg 300w\" sizes=\"(max-width: 632px) 100vw, 632px\" \/><\/figure>\n\n\n\n<p>Esto ocurre a dos semanas de confirmarse el fin del matrimonio de 13 a\u00f1os con Brady. Joaquim tiene 34 a\u00f1os y pos\u00f3 con Gisele para la actual edici\u00f3n de la revista norteamericana Dust.<\/p>\n\n\n\n<p>Hermano de los maestros de artes marciales Pedro y Guilherme Valente, Joaquim proviene de una familia de atletas de jiu-jitsu (arte marcial similar al judo) que cuenta con varias academias repartidas en varias ciudades, dentro y fuera del pa\u00eds.<\/p>\n\n\n\n<figure class=\"wp-block-embed is-type-video is-provider-youtube wp-block-embed-youtube wp-embed-aspect-16-9 wp-has-aspect-ratio\"><div class=\"wp-block-embed__wrapper\">\n<iframe title=\"Gisele B\u00fcndchen, ex de Tom Brady, rehace su vida con su profesor de defensa personal | Qu\u00e9 Chulada\" width=\"1200\" height=\"675\" src=\"https:\/\/www.youtube.com\/embed\/DLbMkmjq4xk?feature=oembed\" frameborder=\"0\" allow=\"accelerometer; autoplay; clipboard-write; encrypted-media; gyroscope; picture-in-picture\" allowfullscreen><\/iframe>\n<\/div><\/figure>\n\n\n\n<p>\u201cCreo que cuantas m\u00e1s herramientas tengamos en nuestra caja de herramientas, mejor. Me siento m\u00e1s fuerte, m\u00e1s segura y empoderada desde que comenc\u00e9 a practicar defensa personal. Siento que es una habilidad importante para todos, pero especialmente para nosotras, las mujeres. Gracias @ValenteBrothers por ser excelentes maestros y por hacer que la capacitaci\u00f3n sea tan divertida. Tengo muchas ganas de seguir mejorando. \u00a1Vamos!\u201d, escribi\u00f3 la modelo en la publicaci\u00f3n.<\/p>\n\n\n\n<figure class=\"wp-block-image size-full\"><img decoding=\"async\" width=\"1024\" height=\"375\" src=\"http:\/\/diariodigitalnea.com\/wp-content\/uploads\/2022\/10\/CONSTRUCAL-CON-FABRICA.jpg\" alt=\"\" class=\"wp-image-2241\" srcset=\"https:\/\/diariodigitalnea.com\/wp-content\/uploads\/2022\/10\/CONSTRUCAL-CON-FABRICA.jpg 1024w, https:\/\/diariodigitalnea.com\/wp-content\/uploads\/2022\/10\/CONSTRUCAL-CON-FABRICA-300x110.jpg 300w, https:\/\/diariodigitalnea.com\/wp-content\/uploads\/2022\/10\/CONSTRUCAL-CON-FABRICA-768x281.jpg 768w\" sizes=\"(max-width: 1024px) 100vw, 1024px\" \/><figcaption>Publicidad: ConstruCal Cales hidratas y vivas para uso vial y construcci\u00f3n TEL: 3624602737<\/figcaption><\/figure>\n","protected":false},"excerpt":{"rendered":"<p>La modelo brasile\u00f1a se encuentra viviendo un romance junto a su profesor de defensa personal, ocho a\u00f1os menor que ella. La pareja viaj\u00f3 a Costa Rica. La s\u00faper modelo brasile\u00f1a Gisele B\u00fcndchen (42 a\u00f1os), apenas separada tras 13 a\u00f1os de matrimonio, ya se encuentra viviendo un apasionado romance con nada menos que su profesor de [&hellip;]<\/p>\n","protected":false},"author":4,"featured_media":3218,"comment_status":"closed","ping_status":"closed","sticky":false,"template":"","format":"standard","meta":{"om_disable_all_campaigns":false,"_monsterinsights_skip_tracking":false,"_monsterinsights_sitenote_active":false,"_monsterinsights_sitenote_note":"","_monsterinsights_sitenote_category":0,"footnotes":""},"categories":[7,9],"tags":[1194,1196,1195],"class_list":["post-3217","post","type-post","status-publish","format-standard","has-post-thumbnail","hentry","category-espectaculos","category-internacionales","tag-gisele-bundchen","tag-jiu-jitsu","tag-modelo"],"aioseo_notices":[],"amp_enabled":true,"_links":{"self":[{"href":"https:\/\/diariodigitalnea.com\/index.php\/wp-json\/wp\/v2\/posts\/3217","targetHints":{"allow":["GET"]}}],"collection":[{"href":"https:\/\/diariodigitalnea.com\/index.php\/wp-json\/wp\/v2\/posts"}],"about":[{"href":"https:\/\/diariodigitalnea.com\/index.php\/wp-json\/wp\/v2\/types\/post"}],"author":[{"embeddable":true,"href":"https:\/\/diariodigitalnea.com\/index.php\/wp-json\/wp\/v2\/users\/4"}],"replies":[{"embeddable":true,"href":"https:\/\/diariodigitalnea.com\/index.php\/wp-json\/wp\/v2\/comments?post=3217"}],"version-history":[{"count":3,"href":"https:\/\/diariodigitalnea.com\/index.php\/wp-json\/wp\/v2\/posts\/3217\/revisions"}],"predecessor-version":[{"id":3227,"href":"https:\/\/diariodigitalnea.com\/index.php\/wp-json\/wp\/v2\/posts\/3217\/revisions\/3227"}],"wp:featuredmedia":[{"embeddable":true,"href":"https:\/\/diariodigitalnea.com\/index.php\/wp-json\/wp\/v2\/media\/3218"}],"wp:attachment":[{"href":"https:\/\/diariodigitalnea.com\/index.php\/wp-json\/wp\/v2\/media?parent=3217"}],"wp:term":[{"taxonomy":"category","embeddable":true,"href":"https:\/\/diariodigitalnea.com\/index.php\/wp-json\/wp\/v2\/categories?post=3217"},{"taxonomy":"post_tag","embeddable":true,"href":"https:\/\/diariodigitalnea.com\/index.php\/wp-json\/wp\/v2\/tags?post=3217"}],"curies":[{"name":"wp","href":"https:\/\/api.w.org\/{rel}","templated":true}]}}