{"id":3211,"date":"2022-11-15T22:15:13","date_gmt":"2022-11-15T22:15:13","guid":{"rendered":"https:\/\/diariodigitalnea.com\/?p=3211"},"modified":"2022-11-15T22:15:38","modified_gmt":"2022-11-15T22:15:38","slug":"wanda-nara-y-mauro-icardi-reconciliados-las-fotos-que-lo-confirma","status":"publish","type":"post","link":"https:\/\/diariodigitalnea.com\/index.php\/2022\/11\/15\/wanda-nara-y-mauro-icardi-reconciliados-las-fotos-que-lo-confirma\/","title":{"rendered":"Wanda Nara y Mauro Icardi, reconciliados: las fotos que lo confirma"},"content":{"rendered":"\n<p>La modelo y el futbolista volvieron a apostar al amor y compartieron en sus redes sociales incre\u00edbles postales del paradis\u00edaco destino elegido.<\/p>\n\n\n\n<p>Luego de la pol\u00e9mica separaci\u00f3n entre Wanda Nara y Mauro Icardi, y de los idas y vueltas que mantuvieron en los \u00faltimos meses, los padres de Isabella y Francesca parece que finalmente se reconciliaron y viajaron a las islas Maldivas, alejados de sus hijas y de los peque\u00f1os que la modelo tiene con Maxi L\u00f3pez.<\/p>\n\n\n\n<figure class=\"wp-block-image size-full\"><img fetchpriority=\"high\" decoding=\"async\" width=\"934\" height=\"525\" src=\"http:\/\/diariodigitalnea.com\/wp-content\/uploads\/2022\/11\/wan3.jpg\" alt=\"\" class=\"wp-image-3214\" srcset=\"https:\/\/diariodigitalnea.com\/wp-content\/uploads\/2022\/11\/wan3.jpg 934w, https:\/\/diariodigitalnea.com\/wp-content\/uploads\/2022\/11\/wan3-300x169.jpg 300w, https:\/\/diariodigitalnea.com\/wp-content\/uploads\/2022\/11\/wan3-768x432.jpg 768w\" sizes=\"(max-width: 934px) 100vw, 934px\" \/><\/figure>\n\n\n\n<p>No fueron meses f\u00e1ciles para la pareja. Tras el arribo de la empresaria a su pa\u00eds natal, por cuestiones laborales, Wanda fue vinculada sentimentalmente con L-Gante. Aunque el cantante y la modelo aseguraban que se trataba s\u00f3lo de una amistad, en reiteradas ocasiones, se mostraron muy unidos. Sin embargo, este acercamiento pod\u00eda deberse a los proyectos musicales que compart\u00edan.<\/p>\n\n\n\n<p>Asimismo, en los \u00faltimos d\u00edas, se hab\u00edan instalado versiones que relacionaban a Icardi con la actriz turca Devrim \u00d6zkan. Al mismo tiempo, Nara fue entrevistada en la televisi\u00f3n italiana y record\u00f3 el \u201cWandagate\u201d,el cual surgi\u00f3 el a\u00f1o pasado luego de la infidelidad de su esposo con La China S\u00faarez.<\/p>\n\n\n\n<figure class=\"wp-block-gallery has-nested-images columns-default is-cropped wp-block-gallery-1 is-layout-flex wp-block-gallery-is-layout-flex\">\n<figure class=\"wp-block-image size-large\"><img decoding=\"async\" width=\"745\" height=\"558\" data-id=\"3213\" src=\"http:\/\/diariodigitalnea.com\/wp-content\/uploads\/2022\/11\/wan2.jpg\" alt=\"\" class=\"wp-image-3213\" srcset=\"https:\/\/diariodigitalnea.com\/wp-content\/uploads\/2022\/11\/wan2.jpg 745w, https:\/\/diariodigitalnea.com\/wp-content\/uploads\/2022\/11\/wan2-300x225.jpg 300w\" sizes=\"(max-width: 745px) 100vw, 745px\" \/><\/figure>\n\n\n\n<figure class=\"wp-block-image size-large\"><img decoding=\"async\" width=\"745\" height=\"558\" data-id=\"3212\" src=\"http:\/\/diariodigitalnea.com\/wp-content\/uploads\/2022\/11\/wan.jpg\" alt=\"\" class=\"wp-image-3212\" srcset=\"https:\/\/diariodigitalnea.com\/wp-content\/uploads\/2022\/11\/wan.jpg 745w, https:\/\/diariodigitalnea.com\/wp-content\/uploads\/2022\/11\/wan-300x225.jpg 300w\" sizes=\"(max-width: 745px) 100vw, 745px\" \/><\/figure>\n<\/figure>\n\n\n\n<p>Luego de las misteriosas fotograf\u00edas que compartieron a trav\u00e9s de sus redes sociales, se comenz\u00f3 a hablar de una posible reconciliaci\u00f3n entre la empresaria y el delantero del Galatasaray S.K. Horas despu\u00e9s, la pareja lo confirm\u00f3 con incre\u00edbles postales desde las islas Maldivas.<\/p>\n","protected":false},"excerpt":{"rendered":"<p>La modelo y el futbolista volvieron a apostar al amor y compartieron en sus redes sociales incre\u00edbles postales del paradis\u00edaco destino elegido. Luego de la pol\u00e9mica separaci\u00f3n entre Wanda Nara y Mauro Icardi, y de los idas y vueltas que mantuvieron en los \u00faltimos meses, los padres de Isabella y Francesca parece que finalmente se [&hellip;]<\/p>\n","protected":false},"author":3,"featured_media":3215,"comment_status":"closed","ping_status":"closed","sticky":false,"template":"","format":"standard","meta":{"om_disable_all_campaigns":false,"_monsterinsights_skip_tracking":false,"_monsterinsights_sitenote_active":false,"_monsterinsights_sitenote_note":"","_monsterinsights_sitenote_category":0,"footnotes":""},"categories":[7],"tags":[21,965,1193,487],"class_list":["post-3211","post","type-post","status-publish","format-standard","has-post-thumbnail","hentry","category-espectaculos","tag-espectaculos","tag-mauro-icardi","tag-reconciliacion","tag-wanda-nara"],"aioseo_notices":[],"amp_enabled":true,"_links":{"self":[{"href":"https:\/\/diariodigitalnea.com\/index.php\/wp-json\/wp\/v2\/posts\/3211","targetHints":{"allow":["GET"]}}],"collection":[{"href":"https:\/\/diariodigitalnea.com\/index.php\/wp-json\/wp\/v2\/posts"}],"about":[{"href":"https:\/\/diariodigitalnea.com\/index.php\/wp-json\/wp\/v2\/types\/post"}],"author":[{"embeddable":true,"href":"https:\/\/diariodigitalnea.com\/index.php\/wp-json\/wp\/v2\/users\/3"}],"replies":[{"embeddable":true,"href":"https:\/\/diariodigitalnea.com\/index.php\/wp-json\/wp\/v2\/comments?post=3211"}],"version-history":[{"count":1,"href":"https:\/\/diariodigitalnea.com\/index.php\/wp-json\/wp\/v2\/posts\/3211\/revisions"}],"predecessor-version":[{"id":3216,"href":"https:\/\/diariodigitalnea.com\/index.php\/wp-json\/wp\/v2\/posts\/3211\/revisions\/3216"}],"wp:featuredmedia":[{"embeddable":true,"href":"https:\/\/diariodigitalnea.com\/index.php\/wp-json\/wp\/v2\/media\/3215"}],"wp:attachment":[{"href":"https:\/\/diariodigitalnea.com\/index.php\/wp-json\/wp\/v2\/media?parent=3211"}],"wp:term":[{"taxonomy":"category","embeddable":true,"href":"https:\/\/diariodigitalnea.com\/index.php\/wp-json\/wp\/v2\/categories?post=3211"},{"taxonomy":"post_tag","embeddable":true,"href":"https:\/\/diariodigitalnea.com\/index.php\/wp-json\/wp\/v2\/tags?post=3211"}],"curies":[{"name":"wp","href":"https:\/\/api.w.org\/{rel}","templated":true}]}}