{"id":3192,"date":"2022-11-15T21:19:33","date_gmt":"2022-11-15T21:19:33","guid":{"rendered":"https:\/\/diariodigitalnea.com\/?p=3192"},"modified":"2022-11-15T21:19:52","modified_gmt":"2022-11-15T21:19:52","slug":"resistencia-es-sede-del-congreso-para-el-desarrollo-tecnologico-del-gran-chaco","status":"publish","type":"post","link":"https:\/\/diariodigitalnea.com\/index.php\/2022\/11\/15\/resistencia-es-sede-del-congreso-para-el-desarrollo-tecnologico-del-gran-chaco\/","title":{"rendered":"Resistencia es sede del Congreso para el Desarrollo Tecnol\u00f3gico del Gran Chaco"},"content":{"rendered":"\n<p>El intendente de Resistencia, Gustavo Mart\u00ednez particip\u00f3 de la ceremonia de apertura del Congreso para el Desarrollo Tecnol\u00f3gico del Gran Chaco, organizado por la Unidad de Educaci\u00f3n de Gesti\u00f3n Privada N\u00ba 172 \u201cDeolindo Felipe Bittel\u201d, que tuvo lugar en las instalaciones del Centro de Convenciones del Domo del Centenario. Adem\u00e1s, se realiza la Tercera Muestra Educativa Provincial y la Octava Muestra Local de Pr\u00e1cticas Profesionalizantes y Propuestas Acad\u00e9micas.<\/p>\n\n\n\n<p>Este evento, que culminar\u00e1 este mi\u00e9rcoles, cuenta con destacados expositores y representantes de instituciones de Jujuy, Buenos Aires, Santa Fe, Paraguay y Chile, y tiene por objetivo contribuir desde la educaci\u00f3n tecnol\u00f3gica al desarrollo de un kit de sustentabilidad con herramientas de vigilancia, fortaleciendo las cadenas de valor, profundizar la conciencia clim\u00e1tica y reforzar la resiliencia territorial de las comunidades.<\/p>\n\n\n\n<p><strong>APORTE A LA EDUCACI\u00d3N<\/strong><\/p>\n\n\n\n<p>&nbsp;\u201cEs un orgullo como ciudadano y en lo personal participar de este encuentro, es importante la tarea de este equipo pol\u00edtico t\u00e9cnico docente de la UEGP N\u00ba 172, por el aporte a la educaci\u00f3n y la experiencia de la actividad que lleva cada uno de los contenidos\u201d, indic\u00f3 el Intendente, quien estuvo acompa\u00f1ado del rector del mencionado establecimiento, Gustavo Mart\u00ednez Campos, las diputadas provinciales Andrea Charole y Gricelda Ojeda, el defensor del Pueblo de Resistencia, Gustavo Doldan y el secretario del INTI (Instituto Nacional de Tecnolog\u00eda Industrial), Mario Aguilar.<\/p>\n\n\n\n<figure class=\"wp-block-image size-large\"><img fetchpriority=\"high\" decoding=\"async\" width=\"1024\" height=\"666\" src=\"http:\/\/diariodigitalnea.com\/wp-content\/uploads\/2022\/11\/congreso-1024x666.jpg\" alt=\"\" class=\"wp-image-3194\" srcset=\"https:\/\/diariodigitalnea.com\/wp-content\/uploads\/2022\/11\/congreso-1024x666.jpg 1024w, https:\/\/diariodigitalnea.com\/wp-content\/uploads\/2022\/11\/congreso-300x195.jpg 300w, https:\/\/diariodigitalnea.com\/wp-content\/uploads\/2022\/11\/congreso-768x500.jpg 768w, https:\/\/diariodigitalnea.com\/wp-content\/uploads\/2022\/11\/congreso.jpg 1174w\" sizes=\"(max-width: 1024px) 100vw, 1024px\" \/><\/figure>\n\n\n\n<p>\u201cEste instituto nos acerca a tener una sociedad en crecimiento, en el marco de la evoluci\u00f3n que la humanidad va a vivir, con la aplicaci\u00f3n de tecnolog\u00edas, recursos inform\u00e1ticos, con generaci\u00f3n de riquezas en un mundo de constante b\u00fasqueda de soluciones\u201d, apunt\u00f3.<\/p>\n\n\n\n<p>\u201cSentimos que tenemos una comunidad juvenil muy inquieta, con ganas de aprender y un pueblo que necesita un puente para conectarse, hoy la velocidad de los cambios producto de la evoluci\u00f3n de la ciencia es sorprendente\u201d, asever\u00f3.<\/p>\n\n\n\n<p>Por ello, consider\u00f3 vital este tipo de eventos, ya que la comunidad \u201cnecesita un nivel de formaci\u00f3n para poder vincularse con el mundo del trabajo, esto es lo que representa esta unidad educativa, con un avance extraordinario en materia de evoluci\u00f3n\u201d.<\/p>\n\n\n\n<p><strong>PROYECTO EDUCATIVO<\/strong><\/p>\n\n\n\n<p>Por su parte, Mart\u00ednez Campos se\u00f1al\u00f3: \u201cEs un d\u00eda muy significativo para este proyecto educativo del Gran Chaco, por eso quiero agradecer el apoyo brindado por el Intendente, que entendi\u00f3 esta nueva mirada regional de lo que debe ser el rol de la educaci\u00f3n, con la tecnolog\u00eda al servicio del desarrollo\u201d.<\/p>\n\n\n\n<p>A su vez, Aguilar dijo que \u201clo importante es la nueva mirada del estudiante, pensando en el pr\u00f3jimo, tenemos muy buenas experiencias, este programa recibi\u00f3 el primer premio a nivel internacional, seguiremos capacitando en todo tipo de tecnolog\u00edas\u201d.<\/p>\n\n\n\n<figure class=\"wp-block-image size-full\"><img decoding=\"async\" width=\"1024\" height=\"375\" src=\"http:\/\/diariodigitalnea.com\/wp-content\/uploads\/2022\/10\/CONSTRUCAL-CON-FABRICA.jpg\" alt=\"\" class=\"wp-image-2241\" srcset=\"https:\/\/diariodigitalnea.com\/wp-content\/uploads\/2022\/10\/CONSTRUCAL-CON-FABRICA.jpg 1024w, https:\/\/diariodigitalnea.com\/wp-content\/uploads\/2022\/10\/CONSTRUCAL-CON-FABRICA-300x110.jpg 300w, https:\/\/diariodigitalnea.com\/wp-content\/uploads\/2022\/10\/CONSTRUCAL-CON-FABRICA-768x281.jpg 768w\" sizes=\"(max-width: 1024px) 100vw, 1024px\" \/><figcaption>Publicidad: ConstruCal Cales hidratas y vivas para uso vial y construcci\u00f3n TEL: 3624602737<\/figcaption><\/figure>\n","protected":false},"excerpt":{"rendered":"<p>El intendente de Resistencia, Gustavo Mart\u00ednez particip\u00f3 de la ceremonia de apertura del Congreso para el Desarrollo Tecnol\u00f3gico del Gran Chaco, organizado por la Unidad de Educaci\u00f3n de Gesti\u00f3n Privada N\u00ba 172 \u201cDeolindo Felipe Bittel\u201d, que tuvo lugar en las instalaciones del Centro de Convenciones del Domo del Centenario. Adem\u00e1s, se realiza la Tercera Muestra [&hellip;]<\/p>\n","protected":false},"author":3,"featured_media":3193,"comment_status":"closed","ping_status":"closed","sticky":false,"template":"","format":"standard","meta":{"om_disable_all_campaigns":false,"_monsterinsights_skip_tracking":false,"_monsterinsights_sitenote_active":false,"_monsterinsights_sitenote_note":"","_monsterinsights_sitenote_category":0,"footnotes":""},"categories":[33],"tags":[1185,192,59,1186],"class_list":["post-3192","post","type-post","status-publish","format-standard","has-post-thumbnail","hentry","category-chaco","tag-congreso-para-el-desarrollo-tecnologico-del-gran-chaco","tag-educacion","tag-gustavo-martinez","tag-proyecto-educativo"],"aioseo_notices":[],"amp_enabled":true,"_links":{"self":[{"href":"https:\/\/diariodigitalnea.com\/index.php\/wp-json\/wp\/v2\/posts\/3192","targetHints":{"allow":["GET"]}}],"collection":[{"href":"https:\/\/diariodigitalnea.com\/index.php\/wp-json\/wp\/v2\/posts"}],"about":[{"href":"https:\/\/diariodigitalnea.com\/index.php\/wp-json\/wp\/v2\/types\/post"}],"author":[{"embeddable":true,"href":"https:\/\/diariodigitalnea.com\/index.php\/wp-json\/wp\/v2\/users\/3"}],"replies":[{"embeddable":true,"href":"https:\/\/diariodigitalnea.com\/index.php\/wp-json\/wp\/v2\/comments?post=3192"}],"version-history":[{"count":2,"href":"https:\/\/diariodigitalnea.com\/index.php\/wp-json\/wp\/v2\/posts\/3192\/revisions"}],"predecessor-version":[{"id":3196,"href":"https:\/\/diariodigitalnea.com\/index.php\/wp-json\/wp\/v2\/posts\/3192\/revisions\/3196"}],"wp:featuredmedia":[{"embeddable":true,"href":"https:\/\/diariodigitalnea.com\/index.php\/wp-json\/wp\/v2\/media\/3193"}],"wp:attachment":[{"href":"https:\/\/diariodigitalnea.com\/index.php\/wp-json\/wp\/v2\/media?parent=3192"}],"wp:term":[{"taxonomy":"category","embeddable":true,"href":"https:\/\/diariodigitalnea.com\/index.php\/wp-json\/wp\/v2\/categories?post=3192"},{"taxonomy":"post_tag","embeddable":true,"href":"https:\/\/diariodigitalnea.com\/index.php\/wp-json\/wp\/v2\/tags?post=3192"}],"curies":[{"name":"wp","href":"https:\/\/api.w.org\/{rel}","templated":true}]}}