{"id":3175,"date":"2022-11-15T20:34:24","date_gmt":"2022-11-15T20:34:24","guid":{"rendered":"https:\/\/diariodigitalnea.com\/?p=3175"},"modified":"2022-11-15T20:34:25","modified_gmt":"2022-11-15T20:34:25","slug":"la-inflacion-fue-de-63-en-octubre-y-ya-acumula-88-en-los-ultimos-12-meses","status":"publish","type":"post","link":"https:\/\/diariodigitalnea.com\/index.php\/2022\/11\/15\/la-inflacion-fue-de-63-en-octubre-y-ya-acumula-88-en-los-ultimos-12-meses\/","title":{"rendered":"La inflaci\u00f3n fue de 6,3% en octubre y ya acumula 88% en los \u00faltimos 12 meses"},"content":{"rendered":"\n<p>La suba de precios volvi\u00f3 a acelerarse levemente el mes pasado; los alimentos y bebidas avanzaron 6,2%; impacto del alza de tarifas de luz y gas<\/p>\n\n\n\n<p>Como presidenta interina, a Cristina Kirchner le dejaron el mal trago. Con Alberto Fern\u00e1ndez y Sergio Massa en la reuni\u00f3n del G-20 en Bali se conoci\u00f3 hoy que la inflaci\u00f3n de octubre fue de 6,3%. Se trata de una mala noticia para el Gobierno -y, claro, para los argentinos-, ya que la suba de precios volvi\u00f3 a acelerarse, aunque menos que lo esperado por el mercado. El aumento segmentado de las tarifas de luz y gas tuvo su primer impacto en el \u00edndice de precios oficial.<\/p>\n\n\n\n<p>El incremento acumulado en lo que va del a\u00f1o lleg\u00f3 a 76,6% y en doce meses alcanz\u00f3 un 88%. Se trata, esta \u00faltima, de la variaci\u00f3n m\u00e1s elevada desde noviembre de 1991 (91,3%). El cap\u00edtulo de Alimentos y bebidas, el que m\u00e1s pesa en el IPC del Indec, avanz\u00f3 un 6,2%, particularmente por el fuerte impacto de los estacionales (+9%), influenciados por verduras, tub\u00e9rculos y legumbres, y frutas. La inflaci\u00f3n n\u00facleo, que no considera los precios regulados ni los estacionales, fue de 5,5%, seg\u00fan los datos publicados hoy por el organismo que conduce Marco Lavagna.<\/p>\n\n\n\n<figure class=\"wp-block-image size-full\"><img fetchpriority=\"high\" decoding=\"async\" width=\"768\" height=\"432\" src=\"http:\/\/diariodigitalnea.com\/wp-content\/uploads\/2022\/11\/inflacion.jpg\" alt=\"\" class=\"wp-image-3179\" srcset=\"https:\/\/diariodigitalnea.com\/wp-content\/uploads\/2022\/11\/inflacion.jpg 768w, https:\/\/diariodigitalnea.com\/wp-content\/uploads\/2022\/11\/inflacion-300x169.jpg 300w\" sizes=\"(max-width: 768px) 100vw, 768px\" \/><\/figure>\n\n\n\n<p>Para el relevamiento de Expectativas de Mercado (REM) que congrega entre privados el Banco Central (BCRA), la mediana de las estimaciones del relevamiento para el mes pasado se ubicaba en un 6,5% mensual, mientras que el promedio de las proyecciones del TOP-10 de los mejores pronosticadores alcanzaba un 6,6%. Para fin de a\u00f1o, en tanto, se espera un alza mayor al 100%. El proyecto de presupuesto 2023 recalcul\u00f3 la suba de precios para este a\u00f1o en un 95%.<\/p>\n\n\n\n<p>La mayor suba fue para el rubro de Comunicaci\u00f3n, que avanz\u00f3 un 12,1%, explicado principalmente por el incremento de los servicios de telefon\u00eda e internet. Le sigui\u00f3 el rubro Vivienda, agua, electricidad, gas y otros combustibles (7,5%). En el mismo se destac\u00f3 el aumento que sufrieron los servicios de electricidad y gas por la segmentaci\u00f3n tarifaria. Restaurantes y hoteles tuvieron un avance de 7,4%; Salud, de un 7,1%; y Educaci\u00f3n, de un 7,1%.<\/p>\n\n\n\n<p>\u201cDurante octubre, tambi\u00e9n sobresalen los aumentos salariales de trabajadores de casas particulares, con impacto en Equipamiento y mantenimiento del hogar (4,9%); la cuota de la medicina prepaga, que incidi\u00f3 en la divisi\u00f3n Salud (7,1%); las subas de peajes y combustibles, y el arrastre que dej\u00f3 el alza de las tarifas del transporte p\u00fablico en septiembre, que impactaron sobre la divisi\u00f3n Transporte (4,5%)\u201d, inform\u00f3 el Indec.<\/p>\n\n\n\n<figure class=\"wp-block-image size-full\"><img decoding=\"async\" width=\"1024\" height=\"375\" src=\"http:\/\/diariodigitalnea.com\/wp-content\/uploads\/2022\/10\/CONSTRUCAL-CON-FABRICA.jpg\" alt=\"\" class=\"wp-image-2241\" srcset=\"https:\/\/diariodigitalnea.com\/wp-content\/uploads\/2022\/10\/CONSTRUCAL-CON-FABRICA.jpg 1024w, https:\/\/diariodigitalnea.com\/wp-content\/uploads\/2022\/10\/CONSTRUCAL-CON-FABRICA-300x110.jpg 300w, https:\/\/diariodigitalnea.com\/wp-content\/uploads\/2022\/10\/CONSTRUCAL-CON-FABRICA-768x281.jpg 768w\" sizes=\"(max-width: 1024px) 100vw, 1024px\" \/><figcaption>Publicidad: ConstruCal Cales hidratas y vivas para uso vial y construcci\u00f3n TEL: 3624602737<\/figcaption><\/figure>\n","protected":false},"excerpt":{"rendered":"<p>La suba de precios volvi\u00f3 a acelerarse levemente el mes pasado; los alimentos y bebidas avanzaron 6,2%; impacto del alza de tarifas de luz y gas Como presidenta interina, a Cristina Kirchner le dejaron el mal trago. Con Alberto Fern\u00e1ndez y Sergio Massa en la reuni\u00f3n del G-20 en Bali se conoci\u00f3 hoy que la [&hellip;]<\/p>\n","protected":false},"author":3,"featured_media":3180,"comment_status":"closed","ping_status":"closed","sticky":false,"template":"","format":"standard","meta":{"om_disable_all_campaigns":false,"_monsterinsights_skip_tracking":false,"_monsterinsights_sitenote_active":false,"_monsterinsights_sitenote_note":"","_monsterinsights_sitenote_category":0,"footnotes":""},"categories":[5,90],"tags":[834,89,517,15,426],"class_list":["post-3175","post","type-post","status-publish","format-standard","has-post-thumbnail","hentry","category-economia","category-nacionales","tag-banco-central","tag-economia","tag-indec","tag-inflacion","tag-precios"],"aioseo_notices":[],"amp_enabled":true,"_links":{"self":[{"href":"https:\/\/diariodigitalnea.com\/index.php\/wp-json\/wp\/v2\/posts\/3175","targetHints":{"allow":["GET"]}}],"collection":[{"href":"https:\/\/diariodigitalnea.com\/index.php\/wp-json\/wp\/v2\/posts"}],"about":[{"href":"https:\/\/diariodigitalnea.com\/index.php\/wp-json\/wp\/v2\/types\/post"}],"author":[{"embeddable":true,"href":"https:\/\/diariodigitalnea.com\/index.php\/wp-json\/wp\/v2\/users\/3"}],"replies":[{"embeddable":true,"href":"https:\/\/diariodigitalnea.com\/index.php\/wp-json\/wp\/v2\/comments?post=3175"}],"version-history":[{"count":1,"href":"https:\/\/diariodigitalnea.com\/index.php\/wp-json\/wp\/v2\/posts\/3175\/revisions"}],"predecessor-version":[{"id":3181,"href":"https:\/\/diariodigitalnea.com\/index.php\/wp-json\/wp\/v2\/posts\/3175\/revisions\/3181"}],"wp:featuredmedia":[{"embeddable":true,"href":"https:\/\/diariodigitalnea.com\/index.php\/wp-json\/wp\/v2\/media\/3180"}],"wp:attachment":[{"href":"https:\/\/diariodigitalnea.com\/index.php\/wp-json\/wp\/v2\/media?parent=3175"}],"wp:term":[{"taxonomy":"category","embeddable":true,"href":"https:\/\/diariodigitalnea.com\/index.php\/wp-json\/wp\/v2\/categories?post=3175"},{"taxonomy":"post_tag","embeddable":true,"href":"https:\/\/diariodigitalnea.com\/index.php\/wp-json\/wp\/v2\/tags?post=3175"}],"curies":[{"name":"wp","href":"https:\/\/api.w.org\/{rel}","templated":true}]}}