{"id":3147,"date":"2022-11-14T17:12:06","date_gmt":"2022-11-14T17:12:06","guid":{"rendered":"https:\/\/diariodigitalnea.com\/?p=3147"},"modified":"2022-11-14T17:12:07","modified_gmt":"2022-11-14T17:12:07","slug":"refuncionalizacion-de-cuatro-espacios-publicos-de-resistencia-las-obras-comenzaran-en-enero-de-2023","status":"publish","type":"post","link":"https:\/\/diariodigitalnea.com\/index.php\/2022\/11\/14\/refuncionalizacion-de-cuatro-espacios-publicos-de-resistencia-las-obras-comenzaran-en-enero-de-2023\/","title":{"rendered":"Refuncionalizaci\u00f3n de cuatro espacios p\u00fablicos de Resistencia: las obras comenzar\u00e1n en enero de 2023"},"content":{"rendered":"\n<p>En el marco del Plan de Desarrollo de Espacios P\u00fablicos, el intendente de Resistencia Gustavo Mart\u00ednez abri\u00f3 los sobres de la licitaci\u00f3n p\u00fablica para la intervenci\u00f3n en las plazoletas de Villa Barber\u00e1n y Provincias Unidas, m\u00e1s los parques Tiro Federal y \u00c1valos. La superficie total es de 10,65 hect\u00e1reas y una inversi\u00f3n con recursos propios estimada en $515.705.568,20. Se prev\u00e9 el inicio de las obras para enero del a\u00f1o que viene y su inauguraci\u00f3n para junio.<\/p>\n\n\n\n<p>Para la apertura de sobres se presentaron las empresas Macom, Evro Construcciones, Majois S.A., AT Servicios Integrales, Aradas Construcciones, Crenor y Edafica.<\/p>\n\n\n\n<p>\u201cEs importante avanzar con esta etapa porque tiene que ver con la ejecuci\u00f3n de nuestro Plan de Gesti\u00f3n de recuperaci\u00f3n de plazas y plazoletas, adem\u00e1s de equiparlas\u201d, expres\u00f3.<\/p>\n\n\n\n<figure class=\"wp-block-image size-full\"><img fetchpriority=\"high\" decoding=\"async\" width=\"747\" height=\"506\" src=\"http:\/\/diariodigitalnea.com\/wp-content\/uploads\/2022\/11\/muni2.jpg\" alt=\"\" class=\"wp-image-3149\" srcset=\"https:\/\/diariodigitalnea.com\/wp-content\/uploads\/2022\/11\/muni2.jpg 747w, https:\/\/diariodigitalnea.com\/wp-content\/uploads\/2022\/11\/muni2-300x203.jpg 300w\" sizes=\"(max-width: 747px) 100vw, 747px\" \/><\/figure>\n\n\n\n<p>Reconoci\u00f3 que \u201chay varios espacios con muchos a\u00f1os de antig\u00fcedad, situados en lugares estrat\u00e9gicos de la ciudad y muy reconocidos por los vecinos y vecinas pero que no cuentan con equipamiento, por lo que no tienen utilidad\u201d.<\/p>\n\n\n\n<p>\u201cContinuaremos fortaleciendo la identidad de Resistencia con m\u00e1s sistemas lacustres activos y espacios p\u00fablicos recuperados, para ello hay que incorporarlos al Plan de Inversi\u00f3n P\u00fablica, como estos de m\u00e1s de 10 hect\u00e1reas de parques que permitir\u00e1n que muchos sectores tengan una utilidad mayor para beneficio de los vecinos y visitantes\u201d, subray\u00f3.<\/p>\n\n\n\n<p>A estas obras cuyos sobres de licitaci\u00f3n se abrieron este lunes, se sumar\u00e1 el mi\u00e9rcoles la de Villa Prosperidad, previ\u00e9ndose la adjudicaci\u00f3n en diciembre y la ejecuci\u00f3n entre la primera y segunda semana de enero de 2023, estim\u00e1ndose que en junio del mismo a\u00f1o sean presentadas.<\/p>\n\n\n\n<p>\u201cTodas las obras que iniciamos ser\u00e1n finalizadas en esta gesti\u00f3n\u201d, asever\u00f3 el Intendente y a\u00f1adi\u00f3: \u201cNo vamos a dejarle a las gestiones que vengan nuestros compromisos financieros y que puedan afectar la planificaci\u00f3n fiscal del intendente que venga\u201d.<\/p>\n\n\n\n<p><strong>DETALLES T\u00c9CNICOS<\/strong><\/p>\n\n\n\n<p>Estos espacios contar\u00e1n con parquizado nuevo, se colocar\u00e1n juegos infantiles, habr\u00e1 aparatos de gimnasia, senderos, iluminaci\u00f3n y bicibotes.<\/p>\n\n\n\n<p>Las obras a ejecutar son en la plaza de Villa Barber\u00e1n, ubicada en las calles Lestani, entre Sierras de C\u00f3rdoba y San Carlos de Bariloche, con una superficie de 5 mil metros cuadrados.<\/p>\n\n\n\n<p>Plaza \u201cGeneral Jos\u00e9 de San Mart\u00edn\u201d del barrio Provincias Unidas, en calle Carlos Tejedor frente a la comisar\u00eda Und\u00e9cima, con 7 mil metros cuadrados de superficie.<\/p>\n\n\n\n<p>Parque Urbano Tiro Federal, en avenida Chaco entre Castelli y Cervantes. Superficie 4 hect\u00e1reas.<\/p>\n\n\n\n<p>Parque Avalos, sobre calle Concepci\u00f3n del Bermejo del 1.300 a 1.600, entre los barrios Villa \u00c1valos y El Bols\u00f3n. Con una superficie de 5,6 hect\u00e1reas.<\/p>\n\n\n\n<figure class=\"wp-block-image size-full\"><img decoding=\"async\" width=\"1024\" height=\"375\" src=\"http:\/\/diariodigitalnea.com\/wp-content\/uploads\/2022\/10\/CONSTRUCAL-CON-FABRICA.jpg\" alt=\"\" class=\"wp-image-2241\" srcset=\"https:\/\/diariodigitalnea.com\/wp-content\/uploads\/2022\/10\/CONSTRUCAL-CON-FABRICA.jpg 1024w, https:\/\/diariodigitalnea.com\/wp-content\/uploads\/2022\/10\/CONSTRUCAL-CON-FABRICA-300x110.jpg 300w, https:\/\/diariodigitalnea.com\/wp-content\/uploads\/2022\/10\/CONSTRUCAL-CON-FABRICA-768x281.jpg 768w\" sizes=\"(max-width: 1024px) 100vw, 1024px\" \/><figcaption>Publicidad: ConstruCal Cales hidratas y vivas para uso vial y construcci\u00f3n TEL: 3624602737<\/figcaption><\/figure>\n","protected":false},"excerpt":{"rendered":"<p>En el marco del Plan de Desarrollo de Espacios P\u00fablicos, el intendente de Resistencia Gustavo Mart\u00ednez abri\u00f3 los sobres de la licitaci\u00f3n p\u00fablica para la intervenci\u00f3n en las plazoletas de Villa Barber\u00e1n y Provincias Unidas, m\u00e1s los parques Tiro Federal y \u00c1valos. La superficie total es de 10,65 hect\u00e1reas y una inversi\u00f3n con recursos propios [&hellip;]<\/p>\n","protected":false},"author":3,"featured_media":3148,"comment_status":"closed","ping_status":"closed","sticky":false,"template":"","format":"standard","meta":{"om_disable_all_campaigns":false,"_monsterinsights_skip_tracking":false,"_monsterinsights_sitenote_active":false,"_monsterinsights_sitenote_note":"","_monsterinsights_sitenote_category":0,"footnotes":""},"categories":[33],"tags":[1173,59,39,58,1007],"class_list":["post-3147","post","type-post","status-publish","format-standard","has-post-thumbnail","hentry","category-chaco","tag-espacios-verdes","tag-gustavo-martinez","tag-licitacion","tag-municipalidad-de-resistencia","tag-obras-de-infraestructuras"],"aioseo_notices":[],"amp_enabled":true,"_links":{"self":[{"href":"https:\/\/diariodigitalnea.com\/index.php\/wp-json\/wp\/v2\/posts\/3147","targetHints":{"allow":["GET"]}}],"collection":[{"href":"https:\/\/diariodigitalnea.com\/index.php\/wp-json\/wp\/v2\/posts"}],"about":[{"href":"https:\/\/diariodigitalnea.com\/index.php\/wp-json\/wp\/v2\/types\/post"}],"author":[{"embeddable":true,"href":"https:\/\/diariodigitalnea.com\/index.php\/wp-json\/wp\/v2\/users\/3"}],"replies":[{"embeddable":true,"href":"https:\/\/diariodigitalnea.com\/index.php\/wp-json\/wp\/v2\/comments?post=3147"}],"version-history":[{"count":1,"href":"https:\/\/diariodigitalnea.com\/index.php\/wp-json\/wp\/v2\/posts\/3147\/revisions"}],"predecessor-version":[{"id":3150,"href":"https:\/\/diariodigitalnea.com\/index.php\/wp-json\/wp\/v2\/posts\/3147\/revisions\/3150"}],"wp:featuredmedia":[{"embeddable":true,"href":"https:\/\/diariodigitalnea.com\/index.php\/wp-json\/wp\/v2\/media\/3148"}],"wp:attachment":[{"href":"https:\/\/diariodigitalnea.com\/index.php\/wp-json\/wp\/v2\/media?parent=3147"}],"wp:term":[{"taxonomy":"category","embeddable":true,"href":"https:\/\/diariodigitalnea.com\/index.php\/wp-json\/wp\/v2\/categories?post=3147"},{"taxonomy":"post_tag","embeddable":true,"href":"https:\/\/diariodigitalnea.com\/index.php\/wp-json\/wp\/v2\/tags?post=3147"}],"curies":[{"name":"wp","href":"https:\/\/api.w.org\/{rel}","templated":true}]}}