{"id":3113,"date":"2022-11-13T01:46:43","date_gmt":"2022-11-13T01:46:43","guid":{"rendered":"https:\/\/diariodigitalnea.com\/?p=3113"},"modified":"2022-11-13T01:47:02","modified_gmt":"2022-11-13T01:47:02","slug":"charata-muere-un-joven-motociclista-en-siniestro-vial","status":"publish","type":"post","link":"https:\/\/diariodigitalnea.com\/index.php\/2022\/11\/13\/charata-muere-un-joven-motociclista-en-siniestro-vial\/","title":{"rendered":"Charata: Muere un joven motociclista en siniestro vial"},"content":{"rendered":"\n<p>Los efectivos de la Comisar\u00eda Segunda de Charata fueron requeridos en el barrio Municipal, donde constataron el siniestro vial entre dos motocicletas, ambos conductores se encontraban heridos. Solicitaron ambulancias para su atenci\u00f3n.<\/p>\n\n\n\n<p>Uno de ellos, un joven de 20 a\u00f1os fue trasladado al Hospital de S\u00e1enz Pe\u00f1a, pero en el camino se produjo su deceso, fue identificado como Marcos Far\u00edas.<\/p>\n\n\n\n<p>El segundo part\u00edcipe, de 32 a\u00f1os fue trasladado al Hospital de Charata, y luego diagnosticado con fractura de f\u00e9mur de pierna izquierda.<\/p>\n\n\n\n<figure class=\"wp-block-image size-full\"><img fetchpriority=\"high\" decoding=\"async\" width=\"1024\" height=\"375\" src=\"http:\/\/diariodigitalnea.com\/wp-content\/uploads\/2022\/10\/CONSTRUCAL-CON-FABRICA.jpg\" alt=\"\" class=\"wp-image-2241\" srcset=\"https:\/\/diariodigitalnea.com\/wp-content\/uploads\/2022\/10\/CONSTRUCAL-CON-FABRICA.jpg 1024w, https:\/\/diariodigitalnea.com\/wp-content\/uploads\/2022\/10\/CONSTRUCAL-CON-FABRICA-300x110.jpg 300w, https:\/\/diariodigitalnea.com\/wp-content\/uploads\/2022\/10\/CONSTRUCAL-CON-FABRICA-768x281.jpg 768w\" sizes=\"(max-width: 1024px) 100vw, 1024px\" \/><figcaption>Publicidad: ConstruCal Cales hidratas y vivas para uso vial y construcci\u00f3n TEL: 3624602737<\/figcaption><\/figure>\n","protected":false},"excerpt":{"rendered":"<p>Los efectivos de la Comisar\u00eda Segunda de Charata fueron requeridos en el barrio Municipal, donde constataron el siniestro vial entre dos motocicletas, ambos conductores se encontraban heridos. Solicitaron ambulancias para su atenci\u00f3n. Uno de ellos, un joven de 20 a\u00f1os fue trasladado al Hospital de S\u00e1enz Pe\u00f1a, pero en el camino se produjo su deceso, [&hellip;]<\/p>\n","protected":false},"author":3,"featured_media":3114,"comment_status":"closed","ping_status":"closed","sticky":false,"template":"","format":"standard","meta":{"om_disable_all_campaigns":false,"_monsterinsights_skip_tracking":false,"_monsterinsights_sitenote_active":false,"_monsterinsights_sitenote_note":"","_monsterinsights_sitenote_category":0,"footnotes":""},"categories":[8],"tags":[1156,203,84,756],"class_list":["post-3113","post","type-post","status-publish","format-standard","has-post-thumbnail","hentry","category-interior","tag-charata","tag-fallecimiento","tag-motociclista","tag-siniestro-vial"],"aioseo_notices":[],"amp_enabled":true,"_links":{"self":[{"href":"https:\/\/diariodigitalnea.com\/index.php\/wp-json\/wp\/v2\/posts\/3113","targetHints":{"allow":["GET"]}}],"collection":[{"href":"https:\/\/diariodigitalnea.com\/index.php\/wp-json\/wp\/v2\/posts"}],"about":[{"href":"https:\/\/diariodigitalnea.com\/index.php\/wp-json\/wp\/v2\/types\/post"}],"author":[{"embeddable":true,"href":"https:\/\/diariodigitalnea.com\/index.php\/wp-json\/wp\/v2\/users\/3"}],"replies":[{"embeddable":true,"href":"https:\/\/diariodigitalnea.com\/index.php\/wp-json\/wp\/v2\/comments?post=3113"}],"version-history":[{"count":1,"href":"https:\/\/diariodigitalnea.com\/index.php\/wp-json\/wp\/v2\/posts\/3113\/revisions"}],"predecessor-version":[{"id":3115,"href":"https:\/\/diariodigitalnea.com\/index.php\/wp-json\/wp\/v2\/posts\/3113\/revisions\/3115"}],"wp:featuredmedia":[{"embeddable":true,"href":"https:\/\/diariodigitalnea.com\/index.php\/wp-json\/wp\/v2\/media\/3114"}],"wp:attachment":[{"href":"https:\/\/diariodigitalnea.com\/index.php\/wp-json\/wp\/v2\/media?parent=3113"}],"wp:term":[{"taxonomy":"category","embeddable":true,"href":"https:\/\/diariodigitalnea.com\/index.php\/wp-json\/wp\/v2\/categories?post=3113"},{"taxonomy":"post_tag","embeddable":true,"href":"https:\/\/diariodigitalnea.com\/index.php\/wp-json\/wp\/v2\/tags?post=3113"}],"curies":[{"name":"wp","href":"https:\/\/api.w.org\/{rel}","templated":true}]}}