{"id":3058,"date":"2022-11-12T00:13:05","date_gmt":"2022-11-12T00:13:05","guid":{"rendered":"https:\/\/diariodigitalnea.com\/?p=3058"},"modified":"2022-11-12T00:13:05","modified_gmt":"2022-11-12T00:13:05","slug":"capacitan-sobre-perros-de-proteccion","status":"publish","type":"post","link":"https:\/\/diariodigitalnea.com\/index.php\/2022\/11\/12\/capacitan-sobre-perros-de-proteccion\/","title":{"rendered":"Capacitan sobre perros de protecci\u00f3n"},"content":{"rendered":"\n<p>Cada vez m\u00e1s familias optan por la incorporaci\u00f3n al hogar de perros guardianes, los cuales requieren de cuidados y adiestramientos especiales.<\/p>\n\n\n\n<p>Del 3 al 6 de diciembre se llevar\u00e1 a cabo una capacitaci\u00f3n sobre Perros de Protecci\u00f3n Personal, la cual estar\u00e1 a cargo de la consultora en seguridad DL Group.<\/p>\n\n\n\n<figure class=\"wp-block-image size-full\"><img fetchpriority=\"high\" decoding=\"async\" width=\"900\" height=\"601\" src=\"https:\/\/diariodigitalnea.com\/wp-content\/uploads\/2022\/11\/1100858_524154_900.jpg\" alt=\"\" class=\"wp-image-3060\" srcset=\"https:\/\/diariodigitalnea.com\/wp-content\/uploads\/2022\/11\/1100858_524154_900.jpg 900w, https:\/\/diariodigitalnea.com\/wp-content\/uploads\/2022\/11\/1100858_524154_900-300x200.jpg 300w, https:\/\/diariodigitalnea.com\/wp-content\/uploads\/2022\/11\/1100858_524154_900-768x513.jpg 768w\" sizes=\"(max-width: 900px) 100vw, 900px\" \/><\/figure>\n\n\n\n<p>Durante dichos d\u00edas se evaluar\u00e1n procesos de elecci\u00f3n de raza, de cachorro y su educaci\u00f3n; la utilizaci\u00f3n que debe d\u00e1rseles (protecci\u00f3n civil, urbana, rural); perros de seguridad policial; e intervenci\u00f3n de fuerzas de seguridad.<\/p>\n\n\n\n<p>Contacto: 3624520226 y redes sociales DL Group.<\/p>\n\n\n\n<p><\/p>\n\n\n\n<figure class=\"wp-block-image size-full\"><img decoding=\"async\" width=\"1024\" height=\"375\" src=\"http:\/\/diariodigitalnea.com\/wp-content\/uploads\/2022\/10\/CONSTRUCAL-CON-FABRICA.jpg\" alt=\"\" class=\"wp-image-2241\" srcset=\"https:\/\/diariodigitalnea.com\/wp-content\/uploads\/2022\/10\/CONSTRUCAL-CON-FABRICA.jpg 1024w, https:\/\/diariodigitalnea.com\/wp-content\/uploads\/2022\/10\/CONSTRUCAL-CON-FABRICA-300x110.jpg 300w, https:\/\/diariodigitalnea.com\/wp-content\/uploads\/2022\/10\/CONSTRUCAL-CON-FABRICA-768x281.jpg 768w\" sizes=\"(max-width: 1024px) 100vw, 1024px\" \/><figcaption>Publicidad: ContruCal Cales hidratas y vivas para uso vial y construcci\u00f3n TEL: 3624602737<\/figcaption><\/figure>\n","protected":false},"excerpt":{"rendered":"<p>Cada vez m\u00e1s familias optan por la incorporaci\u00f3n al hogar de perros guardianes, los cuales requieren de cuidados y adiestramientos especiales. Del 3 al 6 de diciembre se llevar\u00e1 a cabo una capacitaci\u00f3n sobre Perros de Protecci\u00f3n Personal, la cual estar\u00e1 a cargo de la consultora en seguridad DL Group. Durante dichos d\u00edas se evaluar\u00e1n [&hellip;]<\/p>\n","protected":false},"author":4,"featured_media":3059,"comment_status":"closed","ping_status":"closed","sticky":false,"template":"","format":"standard","meta":{"om_disable_all_campaigns":false,"_monsterinsights_skip_tracking":false,"_monsterinsights_sitenote_active":false,"_monsterinsights_sitenote_note":"","_monsterinsights_sitenote_category":0,"footnotes":""},"categories":[33,95],"tags":[1133,1134,131,1132],"class_list":["post-3058","post","type-post","status-publish","format-standard","has-post-thumbnail","hentry","category-chaco","category-informacion-general","tag-dogo","tag-ovejero","tag-perros","tag-proteccion"],"aioseo_notices":[],"amp_enabled":true,"_links":{"self":[{"href":"https:\/\/diariodigitalnea.com\/index.php\/wp-json\/wp\/v2\/posts\/3058","targetHints":{"allow":["GET"]}}],"collection":[{"href":"https:\/\/diariodigitalnea.com\/index.php\/wp-json\/wp\/v2\/posts"}],"about":[{"href":"https:\/\/diariodigitalnea.com\/index.php\/wp-json\/wp\/v2\/types\/post"}],"author":[{"embeddable":true,"href":"https:\/\/diariodigitalnea.com\/index.php\/wp-json\/wp\/v2\/users\/4"}],"replies":[{"embeddable":true,"href":"https:\/\/diariodigitalnea.com\/index.php\/wp-json\/wp\/v2\/comments?post=3058"}],"version-history":[{"count":1,"href":"https:\/\/diariodigitalnea.com\/index.php\/wp-json\/wp\/v2\/posts\/3058\/revisions"}],"predecessor-version":[{"id":3061,"href":"https:\/\/diariodigitalnea.com\/index.php\/wp-json\/wp\/v2\/posts\/3058\/revisions\/3061"}],"wp:featuredmedia":[{"embeddable":true,"href":"https:\/\/diariodigitalnea.com\/index.php\/wp-json\/wp\/v2\/media\/3059"}],"wp:attachment":[{"href":"https:\/\/diariodigitalnea.com\/index.php\/wp-json\/wp\/v2\/media?parent=3058"}],"wp:term":[{"taxonomy":"category","embeddable":true,"href":"https:\/\/diariodigitalnea.com\/index.php\/wp-json\/wp\/v2\/categories?post=3058"},{"taxonomy":"post_tag","embeddable":true,"href":"https:\/\/diariodigitalnea.com\/index.php\/wp-json\/wp\/v2\/tags?post=3058"}],"curies":[{"name":"wp","href":"https:\/\/api.w.org\/{rel}","templated":true}]}}