{"id":3037,"date":"2022-11-11T00:35:54","date_gmt":"2022-11-11T00:35:54","guid":{"rendered":"https:\/\/diariodigitalnea.com\/?p=3037"},"modified":"2022-11-11T00:36:29","modified_gmt":"2022-11-11T00:36:29","slug":"confirmado-la-plaza-25-de-mayo-sera-rehabilitada-para-la-segunda-quincena-de-diciembre","status":"publish","type":"post","link":"https:\/\/diariodigitalnea.com\/index.php\/2022\/11\/11\/confirmado-la-plaza-25-de-mayo-sera-rehabilitada-para-la-segunda-quincena-de-diciembre\/","title":{"rendered":"Confirmado: la Plaza 25 de Mayo ser\u00e1 rehabilitada para la segunda quincena de diciembre"},"content":{"rendered":"\n<p>As\u00ed lo asegur\u00f3 el Intendente Gustavo Mart\u00ednez esta ma\u00f1ana en el marco de una conferencia de prensa. \u00abEs una obra que empez\u00f3 en enero y ten\u00eda como plazo de ejecuci\u00f3n que lo bajamos por la presi\u00f3n social\u00bb, expres\u00f3.<\/p>\n\n\n\n<p>Sin ahondar en detalles, Mart\u00ednez confirm\u00f3 que las obras en la plaza central de la capital chaque\u00f1a est\u00e1n pronta a terminarse, y adelant\u00f3 que continuar\u00e1n las refacciones en otros espacios verdes, como lo son la laguna Arg\u00fcello y el parque 2 de Febrero.<\/p>\n\n\n\n<figure class=\"wp-block-image size-full\"><img fetchpriority=\"high\" decoding=\"async\" width=\"1024\" height=\"375\" src=\"http:\/\/diariodigitalnea.com\/wp-content\/uploads\/2022\/10\/CONSTRUCAL-CON-FABRICA.jpg\" alt=\"\" class=\"wp-image-2241\" srcset=\"https:\/\/diariodigitalnea.com\/wp-content\/uploads\/2022\/10\/CONSTRUCAL-CON-FABRICA.jpg 1024w, https:\/\/diariodigitalnea.com\/wp-content\/uploads\/2022\/10\/CONSTRUCAL-CON-FABRICA-300x110.jpg 300w, https:\/\/diariodigitalnea.com\/wp-content\/uploads\/2022\/10\/CONSTRUCAL-CON-FABRICA-768x281.jpg 768w\" sizes=\"(max-width: 1024px) 100vw, 1024px\" \/><figcaption>Publicidad: ContruCal Cales hidratas y vivas para uso vial y construcci\u00f3n TEL: 3624602737<\/figcaption><\/figure>\n","protected":false},"excerpt":{"rendered":"<p>As\u00ed lo asegur\u00f3 el Intendente Gustavo Mart\u00ednez esta ma\u00f1ana en el marco de una conferencia de prensa. \u00abEs una obra que empez\u00f3 en enero y ten\u00eda como plazo de ejecuci\u00f3n que lo bajamos por la presi\u00f3n social\u00bb, expres\u00f3. Sin ahondar en detalles, Mart\u00ednez confirm\u00f3 que las obras en la plaza central de la capital chaque\u00f1a [&hellip;]<\/p>\n","protected":false},"author":3,"featured_media":3038,"comment_status":"closed","ping_status":"closed","sticky":false,"template":"","format":"standard","meta":{"om_disable_all_campaigns":false,"_monsterinsights_skip_tracking":false,"_monsterinsights_sitenote_active":false,"_monsterinsights_sitenote_note":"","_monsterinsights_sitenote_category":0,"footnotes":""},"categories":[33],"tags":[59,1007,1128,1129],"class_list":["post-3037","post","type-post","status-publish","format-standard","has-post-thumbnail","hentry","category-chaco","tag-gustavo-martinez","tag-obras-de-infraestructuras","tag-plaza-25-de-mayo","tag-rehabilitacion"],"aioseo_notices":[],"amp_enabled":true,"_links":{"self":[{"href":"https:\/\/diariodigitalnea.com\/index.php\/wp-json\/wp\/v2\/posts\/3037","targetHints":{"allow":["GET"]}}],"collection":[{"href":"https:\/\/diariodigitalnea.com\/index.php\/wp-json\/wp\/v2\/posts"}],"about":[{"href":"https:\/\/diariodigitalnea.com\/index.php\/wp-json\/wp\/v2\/types\/post"}],"author":[{"embeddable":true,"href":"https:\/\/diariodigitalnea.com\/index.php\/wp-json\/wp\/v2\/users\/3"}],"replies":[{"embeddable":true,"href":"https:\/\/diariodigitalnea.com\/index.php\/wp-json\/wp\/v2\/comments?post=3037"}],"version-history":[{"count":1,"href":"https:\/\/diariodigitalnea.com\/index.php\/wp-json\/wp\/v2\/posts\/3037\/revisions"}],"predecessor-version":[{"id":3039,"href":"https:\/\/diariodigitalnea.com\/index.php\/wp-json\/wp\/v2\/posts\/3037\/revisions\/3039"}],"wp:featuredmedia":[{"embeddable":true,"href":"https:\/\/diariodigitalnea.com\/index.php\/wp-json\/wp\/v2\/media\/3038"}],"wp:attachment":[{"href":"https:\/\/diariodigitalnea.com\/index.php\/wp-json\/wp\/v2\/media?parent=3037"}],"wp:term":[{"taxonomy":"category","embeddable":true,"href":"https:\/\/diariodigitalnea.com\/index.php\/wp-json\/wp\/v2\/categories?post=3037"},{"taxonomy":"post_tag","embeddable":true,"href":"https:\/\/diariodigitalnea.com\/index.php\/wp-json\/wp\/v2\/tags?post=3037"}],"curies":[{"name":"wp","href":"https:\/\/api.w.org\/{rel}","templated":true}]}}