{"id":2962,"date":"2022-11-09T12:54:57","date_gmt":"2022-11-09T12:54:57","guid":{"rendered":"https:\/\/diariodigitalnea.com\/?p=2962"},"modified":"2022-11-09T12:54:58","modified_gmt":"2022-11-09T12:54:58","slug":"goya-se-desmorono-parte-de-la-costanera-y-rescataron-a-dos-personas","status":"publish","type":"post","link":"https:\/\/diariodigitalnea.com\/index.php\/2022\/11\/09\/goya-se-desmorono-parte-de-la-costanera-y-rescataron-a-dos-personas\/","title":{"rendered":"Goya: se desmoron\u00f3 parte de la Costanera y rescataron a dos personas"},"content":{"rendered":"\n<p>El hecho ocurri\u00f3 ayer alrededor de las 23 horas del martes, las im\u00e1genes del desprendimiento de una parte de la Costanera de Goya son impresionantes. Dos personas tuvieron que ser rescatadas\u00a0por Prefectura.<\/p>\n\n\n\n<p>El intendente de Goya Mariano Hormaechea en comunicaci\u00f3n con los medios confirm\u00f3 que se trat\u00f3 de un \u00absocavamiento que se produjo en la Costanera de esa ciudad\u00bb y detall\u00f3: \u201cAnte la creciente del r\u00edo tenemos distintas zonas de la ciudad que dan al r\u00edo que tiene su situaci\u00f3n cr\u00edtica\u201d.<\/p>\n\n\n\n<figure class=\"wp-block-image size-full\"><img fetchpriority=\"high\" decoding=\"async\" width=\"689\" height=\"628\" src=\"http:\/\/diariodigitalnea.com\/wp-content\/uploads\/2022\/11\/goya.jpg\" alt=\"\" class=\"wp-image-2964\" srcset=\"https:\/\/diariodigitalnea.com\/wp-content\/uploads\/2022\/11\/goya.jpg 689w, https:\/\/diariodigitalnea.com\/wp-content\/uploads\/2022\/11\/goya-300x273.jpg 300w\" sizes=\"(max-width: 689px) 100vw, 689px\" \/><\/figure>\n\n\n\n<p>\u201cEst\u00e1bamos atento a lo que pod\u00eda suceder pero nos sorprendi\u00f3 el desmoronamiento de 40 metros de parte de la costanera por suerte no tuvimos v\u00edctimas fatales, solo dos personas que se encentraban en el lugar que cayeron sobre el mont\u00edculo de tierra, fueron rescatados por Prefectura y solo sufrieron peque\u00f1as lesiones\u201d, asever\u00f3.<\/p>\n\n\n\n<p>Por otro lado el jefe comunal que lleg\u00f3 hasta el lugar en la noche del martes, ni bien ocurrido el socavamiento dijo: \u201cse perdi\u00f3 parte de la iluminaci\u00f3n, no se pod\u00eda ver bien las \u00a0consecuencias se hicieron algunas revisiones y ahora est\u00e1 trabajando la gente de Obras P\u00fablicas para ver cu\u00e1l es la situaci\u00f3n real y a partir de ah\u00ed hacer el relevamiento t\u00e9cnico, a las 10 de la ma\u00f1ana haremos una reuni\u00f3n para ver qu\u00e9 medidas tomamos\u201d.<\/p>\n\n\n\n<figure class=\"wp-block-image size-full\"><img decoding=\"async\" width=\"700\" height=\"511\" src=\"http:\/\/diariodigitalnea.com\/wp-content\/uploads\/2022\/11\/goya2.jpg\" alt=\"\" class=\"wp-image-2965\" srcset=\"https:\/\/diariodigitalnea.com\/wp-content\/uploads\/2022\/11\/goya2.jpg 700w, https:\/\/diariodigitalnea.com\/wp-content\/uploads\/2022\/11\/goya2-300x219.jpg 300w, https:\/\/diariodigitalnea.com\/wp-content\/uploads\/2022\/11\/goya2-160x117.jpg 160w\" sizes=\"(max-width: 700px) 100vw, 700px\" \/><\/figure>\n\n\n\n<p>Adem\u00e1s cont\u00f3 \u201cestamos en contacto con el Gobernador y el Gobierno de Corrientes para ir viendo la situaci\u00f3n, pero hasta ahora est\u00e1 controlado no tuvimos m\u00e1s desmoronamiento y vamos a ver qu\u00e9 informaci\u00f3n tenemos ahora para ver c\u00f3mo se produjo esto y qu\u00e9 podemos hacer\u201d.<\/p>\n","protected":false},"excerpt":{"rendered":"<p>El hecho ocurri\u00f3 ayer alrededor de las 23 horas del martes, las im\u00e1genes del desprendimiento de una parte de la Costanera de Goya son impresionantes. Dos personas tuvieron que ser rescatadas\u00a0por Prefectura. El intendente de Goya Mariano Hormaechea en comunicaci\u00f3n con los medios confirm\u00f3 que se trat\u00f3 de un \u00absocavamiento que se produjo en la [&hellip;]<\/p>\n","protected":false},"author":3,"featured_media":2963,"comment_status":"closed","ping_status":"closed","sticky":false,"template":"","format":"standard","meta":{"om_disable_all_campaigns":false,"_monsterinsights_skip_tracking":false,"_monsterinsights_sitenote_active":false,"_monsterinsights_sitenote_note":"","_monsterinsights_sitenote_category":0,"footnotes":""},"categories":[34],"tags":[1077,1078,1076,1079,850],"class_list":["post-2962","post","type-post","status-publish","format-standard","has-post-thumbnail","hentry","category-corrientes","tag-costanera","tag-desmoronamiento","tag-goya","tag-operativo-de-rescate","tag-prefectura-naval-argentina"],"aioseo_notices":[],"amp_enabled":true,"_links":{"self":[{"href":"https:\/\/diariodigitalnea.com\/index.php\/wp-json\/wp\/v2\/posts\/2962","targetHints":{"allow":["GET"]}}],"collection":[{"href":"https:\/\/diariodigitalnea.com\/index.php\/wp-json\/wp\/v2\/posts"}],"about":[{"href":"https:\/\/diariodigitalnea.com\/index.php\/wp-json\/wp\/v2\/types\/post"}],"author":[{"embeddable":true,"href":"https:\/\/diariodigitalnea.com\/index.php\/wp-json\/wp\/v2\/users\/3"}],"replies":[{"embeddable":true,"href":"https:\/\/diariodigitalnea.com\/index.php\/wp-json\/wp\/v2\/comments?post=2962"}],"version-history":[{"count":1,"href":"https:\/\/diariodigitalnea.com\/index.php\/wp-json\/wp\/v2\/posts\/2962\/revisions"}],"predecessor-version":[{"id":2966,"href":"https:\/\/diariodigitalnea.com\/index.php\/wp-json\/wp\/v2\/posts\/2962\/revisions\/2966"}],"wp:featuredmedia":[{"embeddable":true,"href":"https:\/\/diariodigitalnea.com\/index.php\/wp-json\/wp\/v2\/media\/2963"}],"wp:attachment":[{"href":"https:\/\/diariodigitalnea.com\/index.php\/wp-json\/wp\/v2\/media?parent=2962"}],"wp:term":[{"taxonomy":"category","embeddable":true,"href":"https:\/\/diariodigitalnea.com\/index.php\/wp-json\/wp\/v2\/categories?post=2962"},{"taxonomy":"post_tag","embeddable":true,"href":"https:\/\/diariodigitalnea.com\/index.php\/wp-json\/wp\/v2\/tags?post=2962"}],"curies":[{"name":"wp","href":"https:\/\/api.w.org\/{rel}","templated":true}]}}