{"id":2908,"date":"2022-11-07T12:43:49","date_gmt":"2022-11-07T12:43:49","guid":{"rendered":"https:\/\/diariodigitalnea.com\/?p=2908"},"modified":"2022-11-07T16:49:07","modified_gmt":"2022-11-07T16:49:07","slug":"marcha-del-orgullo-lgbtiq-que-el-odio-este-en-el-closet-y-el-amor-en-la-calle","status":"publish","type":"post","link":"https:\/\/diariodigitalnea.com\/index.php\/2022\/11\/07\/marcha-del-orgullo-lgbtiq-que-el-odio-este-en-el-closet-y-el-amor-en-la-calle\/","title":{"rendered":"Marcha del Orgullo LGBTIQ+: Que el odio est\u00e9 en el cl\u00f3set y el amor, en la calle"},"content":{"rendered":"\n<p>La 31\u00b0 Edici\u00f3n de la Marcha del Orgullo LGBTIQ+ comenz\u00f3 a las 16 en la Ciudad de Buenos Aires, con un recorrido que arranc\u00f3 en la Plaza de Mayo y termin\u00f3 en la plaza del Congreso.<\/p>\n\n\n\n<p>Esta movilizaci\u00f3n se hace todos los a\u00f1os para visibilizar el orgullo de la comunidad Lesbiana, Gay, Bisexual, Travesti, Trasexual, Transg\u00e9nero, Intersex y Queer (LGBTIQ+) con el objetivo de poder llevar adelante diferentes reclamos de este amplio colectivo social.<\/p>\n\n\n\n<figure class=\"wp-block-image size-full\"><img fetchpriority=\"high\" decoding=\"async\" width=\"960\" height=\"638\" src=\"http:\/\/diariodigitalnea.com\/wp-content\/uploads\/2022\/11\/gay4.jpg\" alt=\"\" class=\"wp-image-2910\" srcset=\"https:\/\/diariodigitalnea.com\/wp-content\/uploads\/2022\/11\/gay4.jpg 960w, https:\/\/diariodigitalnea.com\/wp-content\/uploads\/2022\/11\/gay4-300x199.jpg 300w, https:\/\/diariodigitalnea.com\/wp-content\/uploads\/2022\/11\/gay4-768x510.jpg 768w\" sizes=\"(max-width: 960px) 100vw, 960px\" \/><\/figure>\n\n\n\n<p>La organizaci\u00f3n del evento estuvo a cargo de la Comisi\u00f3n Organizadora de la Marcha del Orgullo (COMO), integrada por agrupaciones y personas que trabajan para promover y proteger las expresiones de la diversidad sexual.<\/p>\n\n\n\n<p>En esta edici\u00f3n el lema fue \u201cLa Deuda es con Nosotres\u201d, y se exigi\u00f3 el tratamiento de los proyectos que ya se presentaron en el Congreso: una ley Integral Trans y una nueva ley Antidiscriminatoria Nacional.<\/p>\n\n\n\n<figure class=\"wp-block-image size-full\"><img decoding=\"async\" width=\"799\" height=\"603\" src=\"http:\/\/diariodigitalnea.com\/wp-content\/uploads\/2022\/11\/gay5.jpg\" alt=\"\" class=\"wp-image-2911\" srcset=\"https:\/\/diariodigitalnea.com\/wp-content\/uploads\/2022\/11\/gay5.jpg 799w, https:\/\/diariodigitalnea.com\/wp-content\/uploads\/2022\/11\/gay5-300x226.jpg 300w, https:\/\/diariodigitalnea.com\/wp-content\/uploads\/2022\/11\/gay5-768x580.jpg 768w\" sizes=\"(max-width: 799px) 100vw, 799px\" \/><\/figure>\n\n\n\n<p>El Gobierno de la Ciudad brind\u00f3 cobertura de ambulancias y puestos socorristas, ba\u00f1os qu\u00edmicos y un despliegue de agentes de tr\u00e1nsito y personal de seguridad que trabajar\u00e1n en el ordenamiento del espacio p\u00fablico.<\/p>\n\n\n\n<figure class=\"wp-block-image size-full\"><img decoding=\"async\" width=\"428\" height=\"313\" src=\"http:\/\/diariodigitalnea.com\/wp-content\/uploads\/2022\/11\/gay7.jpg\" alt=\"\" class=\"wp-image-2912\" srcset=\"https:\/\/diariodigitalnea.com\/wp-content\/uploads\/2022\/11\/gay7.jpg 428w, https:\/\/diariodigitalnea.com\/wp-content\/uploads\/2022\/11\/gay7-300x219.jpg 300w, https:\/\/diariodigitalnea.com\/wp-content\/uploads\/2022\/11\/gay7-160x117.jpg 160w\" sizes=\"(max-width: 428px) 100vw, 428px\" \/><\/figure>\n\n\n\n<p>En la previa, durante toda la semana, y con la organizaci\u00f3n de la subsecretar\u00eda de Derechos Humanos y Pluralismo Cultural la Ciudad, hubo actividades en el marco de la Semana del Orgullo.<\/p>\n","protected":false},"excerpt":{"rendered":"<p>La 31\u00b0 Edici\u00f3n de la Marcha del Orgullo LGBTIQ+ comenz\u00f3 a las 16 en la Ciudad de Buenos Aires, con un recorrido que arranc\u00f3 en la Plaza de Mayo y termin\u00f3 en la plaza del Congreso. Esta movilizaci\u00f3n se hace todos los a\u00f1os para visibilizar el orgullo de la comunidad Lesbiana, Gay, Bisexual, Travesti, Trasexual, [&hellip;]<\/p>\n","protected":false},"author":3,"featured_media":2909,"comment_status":"closed","ping_status":"closed","sticky":false,"template":"","format":"standard","meta":{"om_disable_all_campaigns":false,"_monsterinsights_skip_tracking":false,"_monsterinsights_sitenote_active":false,"_monsterinsights_sitenote_note":"","_monsterinsights_sitenote_category":0,"footnotes":""},"categories":[95],"tags":[133,1039,1038,1036,1035,1037],"class_list":["post-2908","post","type-post","status-publish","format-standard","has-post-thumbnail","hentry","category-informacion-general","tag-amor","tag-cuestion-de-genero","tag-igualdad","tag-lgbtiq","tag-marcha-del-orgullo","tag-salir-del-closet"],"aioseo_notices":[],"amp_enabled":true,"_links":{"self":[{"href":"https:\/\/diariodigitalnea.com\/index.php\/wp-json\/wp\/v2\/posts\/2908","targetHints":{"allow":["GET"]}}],"collection":[{"href":"https:\/\/diariodigitalnea.com\/index.php\/wp-json\/wp\/v2\/posts"}],"about":[{"href":"https:\/\/diariodigitalnea.com\/index.php\/wp-json\/wp\/v2\/types\/post"}],"author":[{"embeddable":true,"href":"https:\/\/diariodigitalnea.com\/index.php\/wp-json\/wp\/v2\/users\/3"}],"replies":[{"embeddable":true,"href":"https:\/\/diariodigitalnea.com\/index.php\/wp-json\/wp\/v2\/comments?post=2908"}],"version-history":[{"count":1,"href":"https:\/\/diariodigitalnea.com\/index.php\/wp-json\/wp\/v2\/posts\/2908\/revisions"}],"predecessor-version":[{"id":2913,"href":"https:\/\/diariodigitalnea.com\/index.php\/wp-json\/wp\/v2\/posts\/2908\/revisions\/2913"}],"wp:featuredmedia":[{"embeddable":true,"href":"https:\/\/diariodigitalnea.com\/index.php\/wp-json\/wp\/v2\/media\/2909"}],"wp:attachment":[{"href":"https:\/\/diariodigitalnea.com\/index.php\/wp-json\/wp\/v2\/media?parent=2908"}],"wp:term":[{"taxonomy":"category","embeddable":true,"href":"https:\/\/diariodigitalnea.com\/index.php\/wp-json\/wp\/v2\/categories?post=2908"},{"taxonomy":"post_tag","embeddable":true,"href":"https:\/\/diariodigitalnea.com\/index.php\/wp-json\/wp\/v2\/tags?post=2908"}],"curies":[{"name":"wp","href":"https:\/\/api.w.org\/{rel}","templated":true}]}}