{"id":2872,"date":"2022-11-06T12:40:20","date_gmt":"2022-11-06T12:40:20","guid":{"rendered":"https:\/\/diariodigitalnea.com\/?p=2872"},"modified":"2022-11-06T12:58:51","modified_gmt":"2022-11-06T12:58:51","slug":"argentina-vencio-a-espana-y-es-el-nuevo-campeon-del-mundial-de-padel","status":"publish","type":"post","link":"https:\/\/diariodigitalnea.com\/index.php\/2022\/11\/06\/argentina-vencio-a-espana-y-es-el-nuevo-campeon-del-mundial-de-padel\/","title":{"rendered":"Argentina venci\u00f3 a Espa\u00f1a y es el nuevo campe\u00f3n del Mundial de p\u00e1del"},"content":{"rendered":"\n<p>El combinado albiceleste gan\u00f3 dos de los tres duelos de la final en parejas disputada en Dubai.<\/p>\n\n\n\n<p>Argentina se proclam\u00f3 campe\u00f3n del Mundial de p\u00e1del por equipos al remontar en una tremenda y emocionante final ante Espa\u00f1a 2-1 y se qued\u00f3 con el trofeo del torneo que se celebr\u00f3 en Dubai.<\/p>\n\n\n\n<p>Juan Lebr\u00f3n y Paquito Navarro adelantaron al equipo europeo al imponerse en un intenso partido a Federico Chingotto y Agust\u00edn Tapia, por 3-6, 7-5 y 6-3, en 2 horas y 58 minutos. A partir de ah\u00ed la final tom\u00f3 color albiceleste. Mart\u00edn di Nenno y Franco Stupaczuk derrotaron con facilidad a Arturo Coello y Alejandro Gal\u00e1n, por 6-3 y 6-2, en una hora y 18 minutos.<\/p>\n\n\n\n<figure class=\"wp-block-image size-full\"><img fetchpriority=\"high\" decoding=\"async\" width=\"879\" height=\"586\" src=\"http:\/\/diariodigitalnea.com\/wp-content\/uploads\/2022\/11\/padel3.jpg\" alt=\"\" class=\"wp-image-2875\" srcset=\"https:\/\/diariodigitalnea.com\/wp-content\/uploads\/2022\/11\/padel3.jpg 879w, https:\/\/diariodigitalnea.com\/wp-content\/uploads\/2022\/11\/padel3-300x200.jpg 300w, https:\/\/diariodigitalnea.com\/wp-content\/uploads\/2022\/11\/padel3-768x512.jpg 768w\" sizes=\"(max-width: 879px) 100vw, 879px\" \/><\/figure>\n\n\n\n<p>En el \u00faltimo encuentro, Fernando Belastegu\u00edn y Carlos D. Guti\u00e9rrez tomaron el mando, se apuntaron el primer parcial por 6-4 y se pusieron con ventaja en el segundo, pero Jer\u00f3nimo Gonz\u00e1lez y Alejandro Ruiz no se rindieron y reaccionaron hasta ganar por 5-7 y forzar el tercero y definitivo. Ambas parejas mantuvieron su servicio hasta el octavo juego, en el que los argentinos rompieron el saque de los espa\u00f1oles (5-3), quienes aunque tuvieron una opci\u00f3n para devolverle la moneda no pudieron evitar el 6-3 definitivo que devuelve el t\u00edtulo a Argentina despu\u00e9s de la victoria hispana el a\u00f1o pasado en Doha.<\/p>\n\n\n\n<figure class=\"wp-block-embed is-type-rich is-provider-twitter wp-block-embed-twitter\"><div class=\"wp-block-embed__wrapper\">\n<blockquote class=\"twitter-tweet\" data-width=\"550\" data-dnt=\"true\"><p lang=\"es\" dir=\"ltr\">\ud83c\udfc6 WORLD PADEL CHAMPIONSHIPS 2022<br>\ud83d\udccdDub\u00e1i<br><br>Final Masculina \ud83d\udeb9<br>.<br>ESP \ud83c\uddea\ud83c\uddf8 1\ufe0f\u20e3 vs ARG \ud83c\udde6\ud83c\uddf7 2\ufe0f\u20e3<br>.<br>Con este punto de <a href=\"https:\/\/twitter.com\/FBelasteguin?ref_src=twsrc%5Etfw\">@FBelasteguin<\/a> &amp; <a href=\"https:\/\/twitter.com\/sanyoGutierrez?ref_src=twsrc%5Etfw\">@sanyoGutierrez<\/a> ante <a href=\"https:\/\/twitter.com\/11alexruiz?ref_src=twsrc%5Etfw\">@11alexruiz<\/a> &amp; <a href=\"https:\/\/twitter.com\/momogonzalez1?ref_src=twsrc%5Etfw\">@momogonzalez1<\/a> cierra la eliminatoria y les alza como CAMPEONES<br><br>\ud83c\udfa5 FIP<a href=\"https:\/\/twitter.com\/hashtag\/Padel?src=hash&amp;ref_src=twsrc%5Etfw\">#Padel<\/a> <a href=\"https:\/\/twitter.com\/hashtag\/DPWPC2022?src=hash&amp;ref_src=twsrc%5Etfw\">#DPWPC2022<\/a> <a href=\"https:\/\/twitter.com\/hashtag\/WPC2022?src=hash&amp;ref_src=twsrc%5Etfw\">#WPC2022<\/a> <a href=\"https:\/\/twitter.com\/hashtag\/FIP?src=hash&amp;ref_src=twsrc%5Etfw\">#FIP<\/a> <a href=\"https:\/\/twitter.com\/hashtag\/UAEPA?src=hash&amp;ref_src=twsrc%5Etfw\">#UAEPA<\/a> <a href=\"https:\/\/twitter.com\/hashtag\/Dubai?src=hash&amp;ref_src=twsrc%5Etfw\">#Dubai<\/a> <a href=\"https:\/\/t.co\/TSsxcf6MOd\">pic.twitter.com\/TSsxcf6MOd<\/a><\/p>&mdash; padel 2.0 (@padel20) <a href=\"https:\/\/twitter.com\/padel20\/status\/1589004206094319616?ref_src=twsrc%5Etfw\">November 5, 2022<\/a><\/blockquote><script async src=\"https:\/\/platform.twitter.com\/widgets.js\" charset=\"utf-8\"><\/script>\n<\/div><\/figure>\n\n\n\n<p>\u201cEn el final estaba cagado, te lo juro. Creo que hoy Sanyo jug\u00f3 muy bien. Despu\u00e9s de lo del a\u00f1o pasado nadie se pod\u00eda imaginar que \u00edbamos a terminar ganando este punto juntos. Estoy muy feliz por el p\u00e1del argentino. Este es un equipo de todo el pa\u00eds\u201d, declar\u00f3 Fernando Belastegu\u00edn en declaraciones compartidas por el sitio especializado en p\u00e1del Veinte Diez.<\/p>\n\n\n\n<figure class=\"wp-block-image size-large\"><img decoding=\"async\" width=\"1024\" height=\"576\" src=\"http:\/\/diariodigitalnea.com\/wp-content\/uploads\/2022\/11\/padel-1024x576.jpg\" alt=\"\" class=\"wp-image-2873\" srcset=\"https:\/\/diariodigitalnea.com\/wp-content\/uploads\/2022\/11\/padel-1024x576.jpg 1024w, https:\/\/diariodigitalnea.com\/wp-content\/uploads\/2022\/11\/padel-300x169.jpg 300w, https:\/\/diariodigitalnea.com\/wp-content\/uploads\/2022\/11\/padel-768x432.jpg 768w, https:\/\/diariodigitalnea.com\/wp-content\/uploads\/2022\/11\/padel.jpg 1440w\" sizes=\"(max-width: 1024px) 100vw, 1024px\" \/><\/figure>\n\n\n\n<p>La Argentina hab\u00eda llegado a esta instancia despu\u00e9s de superar a Portugal en semifinales, mientras que en cuartos de final hab\u00eda superado a Paraguay. En fase de grupos, lider\u00f3 sin problemas la Zona B al imponerse ante Pa\u00edses Bajos, Italia y B\u00e9lgica. Este es el 11\u00aa Mundial para el combinado nacional que ya se hab\u00eda llevado los t\u00edtulos de 1992, 1994, 1996, 2000, 2002, 2004, 2006, 2012, 2014, 2016 y 2022.<\/p>\n","protected":false},"excerpt":{"rendered":"<p>El combinado albiceleste gan\u00f3 dos de los tres duelos de la final en parejas disputada en Dubai. Argentina se proclam\u00f3 campe\u00f3n del Mundial de p\u00e1del por equipos al remontar en una tremenda y emocionante final ante Espa\u00f1a 2-1 y se qued\u00f3 con el trofeo del torneo que se celebr\u00f3 en Dubai. Juan Lebr\u00f3n y Paquito [&hellip;]<\/p>\n","protected":false},"author":3,"featured_media":2874,"comment_status":"closed","ping_status":"closed","sticky":false,"template":"","format":"standard","meta":{"om_disable_all_campaigns":false,"_monsterinsights_skip_tracking":false,"_monsterinsights_sitenote_active":false,"_monsterinsights_sitenote_note":"","_monsterinsights_sitenote_category":0,"footnotes":""},"categories":[6],"tags":[94,44,1019,1018,241],"class_list":["post-2872","post","type-post","status-publish","format-standard","has-post-thumbnail","hentry","category-deporte","tag-deportes","tag-dubai","tag-mundial-de-padel","tag-padel","tag-seleccion-argentina"],"aioseo_notices":[],"amp_enabled":true,"_links":{"self":[{"href":"https:\/\/diariodigitalnea.com\/index.php\/wp-json\/wp\/v2\/posts\/2872","targetHints":{"allow":["GET"]}}],"collection":[{"href":"https:\/\/diariodigitalnea.com\/index.php\/wp-json\/wp\/v2\/posts"}],"about":[{"href":"https:\/\/diariodigitalnea.com\/index.php\/wp-json\/wp\/v2\/types\/post"}],"author":[{"embeddable":true,"href":"https:\/\/diariodigitalnea.com\/index.php\/wp-json\/wp\/v2\/users\/3"}],"replies":[{"embeddable":true,"href":"https:\/\/diariodigitalnea.com\/index.php\/wp-json\/wp\/v2\/comments?post=2872"}],"version-history":[{"count":2,"href":"https:\/\/diariodigitalnea.com\/index.php\/wp-json\/wp\/v2\/posts\/2872\/revisions"}],"predecessor-version":[{"id":2878,"href":"https:\/\/diariodigitalnea.com\/index.php\/wp-json\/wp\/v2\/posts\/2872\/revisions\/2878"}],"wp:featuredmedia":[{"embeddable":true,"href":"https:\/\/diariodigitalnea.com\/index.php\/wp-json\/wp\/v2\/media\/2874"}],"wp:attachment":[{"href":"https:\/\/diariodigitalnea.com\/index.php\/wp-json\/wp\/v2\/media?parent=2872"}],"wp:term":[{"taxonomy":"category","embeddable":true,"href":"https:\/\/diariodigitalnea.com\/index.php\/wp-json\/wp\/v2\/categories?post=2872"},{"taxonomy":"post_tag","embeddable":true,"href":"https:\/\/diariodigitalnea.com\/index.php\/wp-json\/wp\/v2\/tags?post=2872"}],"curies":[{"name":"wp","href":"https:\/\/api.w.org\/{rel}","templated":true}]}}