{"id":2855,"date":"2022-11-04T16:31:49","date_gmt":"2022-11-04T16:31:49","guid":{"rendered":"https:\/\/diariodigitalnea.com\/?p=2855"},"modified":"2022-11-04T16:31:49","modified_gmt":"2022-11-04T16:31:49","slug":"gustavo-martinez-reitero-su-compromiso-por-lograr-la-transformacion-del-transporte-publico","status":"publish","type":"post","link":"https:\/\/diariodigitalnea.com\/index.php\/2022\/11\/04\/gustavo-martinez-reitero-su-compromiso-por-lograr-la-transformacion-del-transporte-publico\/","title":{"rendered":"Gustavo Mart\u00ednez reiter\u00f3 su compromiso por \u201clograr la transformaci\u00f3n del transporte p\u00fablico\u201d"},"content":{"rendered":"\n<p>Hoy se llev\u00f3 a cabo la presentaci\u00f3n del llamado a licitaci\u00f3n del futuro servicio de transporte p\u00fablico de pasajeros, modalidades urbana e interurbana, del \u00c1rea Metropolitana.<\/p>\n\n\n\n<p>La apertura de sobres de las empresas interesadas ser\u00e1 en diciembre y se prev\u00e9 que las nuevas unidades circulen a partir de febrero. Esta iniciativa forma parte de las actividades del Ente Regulador de Transporte (ENRETRA) y del Plan Integral de Movilidad Urbana Sostenible (PIMUS).&nbsp;<\/p>\n\n\n\n<p>\u201cEs la concreci\u00f3n de una ley que llevaba esperando 3 a\u00f1os \u2013 acot\u00f3 -. En 2019 propiciamos este instrumento desde el Concejo Municipal de Resistencia para que el \u00e1rea metropolitana cuente con un ente regulador del transporte p\u00fablico de pasajeros\u201d, se\u00f1al\u00f3 el Intendente de Resistencia, Gustavo Mart\u00ednez, quien agreg\u00f3 que \u201cesta iniciativa incluye a municipios de la regi\u00f3n, como ser Colonia Ben\u00edtez, Colonia Popular, Margarita Bel\u00e9n\u201d.<\/p>\n\n\n\n<p>&nbsp;\u201cEsta propuesta la tomaron los diputados Elida Cuesta, Juan Manuel Pedrini y Leandro Zdero y hoy es una realidad, apostamos a la modernidad, con recorridos por l\u00edneas troncales que conecten municipios y m\u00e1s barrios, con unidades 0 kil\u00f3metro\u201d, subray\u00f3 el jefe comunal.<\/p>\n\n\n\n<p>\u00a0Tambi\u00e9n se refiri\u00f3 al proceso licitatorio anunciado este viernes con el gobernador Jorge Capitanich e intendentes de la regi\u00f3n, se\u00f1alando: \u201cNo solo se deb\u00eda modificar y ampliar concesiones a las empresas que ya estaban sino que se abre la posibilidad que otras puedan participar de una licitaci\u00f3n abierta\u201d.\u00a0<\/p>\n\n\n\n<figure class=\"wp-block-image size-large\"><img fetchpriority=\"high\" decoding=\"async\" width=\"1024\" height=\"566\" src=\"http:\/\/diariodigitalnea.com\/wp-content\/uploads\/2022\/11\/licitacio02-1024x566.jpg\" alt=\"\" class=\"wp-image-2856\" srcset=\"https:\/\/diariodigitalnea.com\/wp-content\/uploads\/2022\/11\/licitacio02-1024x566.jpg 1024w, https:\/\/diariodigitalnea.com\/wp-content\/uploads\/2022\/11\/licitacio02-300x166.jpg 300w, https:\/\/diariodigitalnea.com\/wp-content\/uploads\/2022\/11\/licitacio02-768x424.jpg 768w, https:\/\/diariodigitalnea.com\/wp-content\/uploads\/2022\/11\/licitacio02.jpg 1276w\" sizes=\"(max-width: 1024px) 100vw, 1024px\" \/><\/figure>\n\n\n\n<p>\u201cPudimos concretar y sumar a todos los municipios de la zona y tener as\u00ed un \u00fanico sistema regulador del transporte\u201d, adjunt\u00f3.<\/p>\n\n\n\n<p><strong>LA IMPORTANCIA DE LAS AUDIENCIAS<\/strong><\/p>\n\n\n\n<p>Rescat\u00f3 el valor de las audiencias p\u00fablicas que su gesti\u00f3n lleva adelante en forma permanente, ya que muchas de las propuestas plasmadas en la licitaci\u00f3n nacieron de las sugerencias de los vecinos y vecinas.&nbsp;<\/p>\n\n\n\n<p>\u201cLa gente, entre otros beneficios, podr\u00e1n contar con una aplicaci\u00f3n que les permita saber el recorrido y el tiempo de llegada de los colectivos a las paradas, adem\u00e1s de tener un monitoreo digital para controlar a las unidades\u201d, observ\u00f3.<\/p>\n\n\n\n<p>&nbsp;Asimismo, destac\u00f3 la creaci\u00f3n del Plan Integral de Movilidad Urbana Sostenible (PIMUS) que permitir\u00e1 alcanzar m\u00e1s de 150 nuevos barrios, disminuir el tiempo de espera incorporando nuevos recorridos con m\u00e1s frecuencias, tener m\u00e1s garitas mejor equipadas y se\u00f1alizadas, disponer de la posibilidad de combinar dos colectivos o m\u00e1s por el valor de un s\u00f3lo boleto y emplear unidades equipadas para la accesibilidad de personas con movilidad reducida, entre otros beneficios.<\/p>\n\n\n\n<p>&nbsp;\u201cTodo el sistema ser\u00e1 regulado junto a la Provincia y los municipios\u201d, se\u00f1al\u00f3 y enfatiz\u00f3: \u201cNadie en Resistencia se animaba a dar la pelea que hab\u00eda que dar. Nos propusimos desde esta gesti\u00f3n lograr la transformaci\u00f3n del transporte en beneficio de los vecinos y vecinas\u201d.&nbsp;<\/p>\n\n\n\n<p>&nbsp;\u201cCon este sistema moderno garantizamos estabilidad de los trabajadores, habr\u00e1 unidades nuevas, al dar esa pelea pudimos poner en superficie los d\u00e9ficit del sistema, siempre se proteg\u00eda a un sector y no a los usuarios\u201d, asever\u00f3.<\/p>\n\n\n\n<p><strong>CONCEJALES CONFORMES<\/strong><\/p>\n\n\n\n<p>El presidente del Concejo Municipal de Resistencia, Agust\u00edn Romero, dijo que con este proceso licitatorio \u201cse pudieron integrar los planes de nuestra ciudad con el de la Provincia, mas barrios contar\u00e1n con este servicio, se incrementar\u00e1n las unidades y se mejorar\u00e1 la conectividad.<\/p>\n\n\n\n<p>Por su parte, el concejal Carlos Salom expres\u00f3 que \u201cante las crisis nos llegan estos anuncios, los cuales nos llena de satisfacci\u00f3n, el soberano es el usuario y pronto ver\u00e1n las concreciones\u201d.<\/p>\n\n\n\n<p>&nbsp;Su par, Dino Ort\u00edz, manifest\u00f3 que \u201cfue una decisi\u00f3n pol\u00edtica suerte, era lo necesario, bregamos por el \u00e9xito de la misma\u201d.<\/p>\n\n\n\n<p>&nbsp;Cerr\u00f3 el edil Mario Delgado, puntualizando que \u201ctendremos un sistema integrado, prim\u00f3 la sensatez, el beneficiado ser\u00e1 el vecino\u201d.<\/p>\n","protected":false},"excerpt":{"rendered":"<p>Hoy se llev\u00f3 a cabo la presentaci\u00f3n del llamado a licitaci\u00f3n del futuro servicio de transporte p\u00fablico de pasajeros, modalidades urbana e interurbana, del \u00c1rea Metropolitana. La apertura de sobres de las empresas interesadas ser\u00e1 en diciembre y se prev\u00e9 que las nuevas unidades circulen a partir de febrero. Esta iniciativa forma parte de las [&hellip;]<\/p>\n","protected":false},"author":3,"featured_media":2857,"comment_status":"closed","ping_status":"closed","sticky":false,"template":"","format":"standard","meta":{"om_disable_all_campaigns":false,"_monsterinsights_skip_tracking":false,"_monsterinsights_sitenote_active":false,"_monsterinsights_sitenote_note":"","_monsterinsights_sitenote_category":0,"footnotes":""},"categories":[33],"tags":[582,1009,39,38],"class_list":["post-2855","post","type-post","status-publish","format-standard","has-post-thumbnail","hentry","category-chaco","tag-audiencias-publicas","tag-ente-regulador-de-transporte","tag-licitacion","tag-transporte-publico"],"aioseo_notices":[],"amp_enabled":true,"_links":{"self":[{"href":"https:\/\/diariodigitalnea.com\/index.php\/wp-json\/wp\/v2\/posts\/2855","targetHints":{"allow":["GET"]}}],"collection":[{"href":"https:\/\/diariodigitalnea.com\/index.php\/wp-json\/wp\/v2\/posts"}],"about":[{"href":"https:\/\/diariodigitalnea.com\/index.php\/wp-json\/wp\/v2\/types\/post"}],"author":[{"embeddable":true,"href":"https:\/\/diariodigitalnea.com\/index.php\/wp-json\/wp\/v2\/users\/3"}],"replies":[{"embeddable":true,"href":"https:\/\/diariodigitalnea.com\/index.php\/wp-json\/wp\/v2\/comments?post=2855"}],"version-history":[{"count":1,"href":"https:\/\/diariodigitalnea.com\/index.php\/wp-json\/wp\/v2\/posts\/2855\/revisions"}],"predecessor-version":[{"id":2858,"href":"https:\/\/diariodigitalnea.com\/index.php\/wp-json\/wp\/v2\/posts\/2855\/revisions\/2858"}],"wp:featuredmedia":[{"embeddable":true,"href":"https:\/\/diariodigitalnea.com\/index.php\/wp-json\/wp\/v2\/media\/2857"}],"wp:attachment":[{"href":"https:\/\/diariodigitalnea.com\/index.php\/wp-json\/wp\/v2\/media?parent=2855"}],"wp:term":[{"taxonomy":"category","embeddable":true,"href":"https:\/\/diariodigitalnea.com\/index.php\/wp-json\/wp\/v2\/categories?post=2855"},{"taxonomy":"post_tag","embeddable":true,"href":"https:\/\/diariodigitalnea.com\/index.php\/wp-json\/wp\/v2\/tags?post=2855"}],"curies":[{"name":"wp","href":"https:\/\/api.w.org\/{rel}","templated":true}]}}