{"id":2852,"date":"2022-11-04T13:09:53","date_gmt":"2022-11-04T13:09:53","guid":{"rendered":"https:\/\/diariodigitalnea.com\/?p=2852"},"modified":"2022-11-04T16:33:32","modified_gmt":"2022-11-04T16:33:32","slug":"se-inicia-el-proceso-de-licitacion-para-las-obras-de-la-circunvalacion-del-segundo-puente","status":"publish","type":"post","link":"https:\/\/diariodigitalnea.com\/index.php\/2022\/11\/04\/se-inicia-el-proceso-de-licitacion-para-las-obras-de-la-circunvalacion-del-segundo-puente\/","title":{"rendered":"Se inicia el proceso de licitaci\u00f3n para las obras de la circunvalaci\u00f3n del Segundo Puente"},"content":{"rendered":"\n<p>\u00abEstimamos que el inicio de licitaci\u00f3n del Puente Chaco-Corrientes sea en el mes de noviembre\u00bb, hab\u00eda informado el gobernador Jorge Capitanich el pasado 21 de octubre en sus cuentas oficiales.<\/p>\n\n\n\n<p><a href=\"https:\/\/api.whatsapp.com\/send?text=Se%20inicia%20el%20proceso%20de%20licitaci%C3%B3n%20para%20las%20obras%20de%20la%20circunvalaci%C3%B3n%20del%20Segundo%20Puente%20-%20https:\/\/www.convoscorrientes.com.ar\/6466-se-inicia-el-proceso-de-licitacion-para-las-obras-de-la-circunvalacion-del-segundo-puente?utm_source=WhatsApp%26utm_medium=WhatsApp%26utm_campaign=WhatsApp%26utm_term=WhatsApp\" target=\"_blank\" rel=\"noreferrer noopener\"><\/a><a href=\"https:\/\/www.convoscorrientes.com.ar\/6466-se-inicia-el-proceso-de-licitacion-para-las-obras-de-la-circunvalacion-del-segundo-puente#\"><\/a><a href=\"https:\/\/www.convoscorrientes.com.ar\/6466-se-inicia-el-proceso-de-licitacion-para-las-obras-de-la-circunvalacion-del-segundo-puente#\"><\/a>En esa sinton\u00eda, el ministro de Obras P\u00fablicas de la Naci\u00f3n, Gabriel Katopodis, comunic\u00f3 que ya se encuentra publicada en el portal Contratar la licitaci\u00f3n para la construcci\u00f3n de la obra de la circunvalaci\u00f3n de la Ruta Nacional N\u00b0 11 \u2013 Variante de Paso por la ciudad de Resistencia y que ser\u00e1 para el acceso del segundo puente Chaco \u2013 Corrientes.<\/p>\n\n\n\n<p>Seg\u00fan hab\u00edan informado desde el Gobierno provincial, el monto de la construcci\u00f3n era de $14.003.194.450,85, con un plazo de ejecuci\u00f3n de 48 meses. Las ofertas ser\u00e1n abiertas el pr\u00f3ximo 13 de diciembre, a las 11.<\/p>\n\n\n\n<p>Adem\u00e1s, seg\u00fan detallaron se ejecutar\u00e1 una autopista con control total de acceso y cuatro calzadas, circunvalando la ciudad de Resistencia por el este, para que el tr\u00e1nsito pueda evitar la traves\u00eda urbana de la Ruta Nacional 11. La longitud total del proyecto de calzada principal es de 20.150 metros e incluir\u00e1 tres distribuidores a distinto nivel en las intersecciones con el Camino a Puerto Tirol\/ Fontana, RN 16 y RN 11 (incluyendo sus respectivos puentes).<\/p>\n\n\n\n<p>Cabe recordar que el pasado mes, el mandatario chaque\u00f1o mantuvo una reuni\u00f3n con Katopodis donde brind\u00f3 detalles de la construcci\u00f3n del segundo puente interprovincial.<\/p>\n\n\n\n<p><strong>LAS OBRAS DEL LADO DE CORRIENTES<\/strong><\/p>\n\n\n\n<p>Vialidad Nacional tambi\u00e9n destac\u00f3 que la licitaci\u00f3n de la circunvalaci\u00f3n de la Ruta Nacional 12 \u2013 variante de paso por la Ciudad de Corrientes, que tambi\u00e9n forma parte del proyecto interprovincial, ya se encuentra publicada en el mismo portal, desde el 28 de octubre pasado.<\/p>\n\n\n\n<figure class=\"wp-block-image size-full\"><img fetchpriority=\"high\" decoding=\"async\" width=\"1024\" height=\"375\" src=\"http:\/\/diariodigitalnea.com\/wp-content\/uploads\/2022\/10\/CONSTRUCAL-CON-FABRICA.jpg\" alt=\"\" class=\"wp-image-2241\" srcset=\"https:\/\/diariodigitalnea.com\/wp-content\/uploads\/2022\/10\/CONSTRUCAL-CON-FABRICA.jpg 1024w, https:\/\/diariodigitalnea.com\/wp-content\/uploads\/2022\/10\/CONSTRUCAL-CON-FABRICA-300x110.jpg 300w, https:\/\/diariodigitalnea.com\/wp-content\/uploads\/2022\/10\/CONSTRUCAL-CON-FABRICA-768x281.jpg 768w\" sizes=\"(max-width: 1024px) 100vw, 1024px\" \/><figcaption>Publicidad: ContruCal Cales hidratas y vivas para uso vial y construcci\u00f3n TEL: 3624602737<\/figcaption><\/figure>\n","protected":false},"excerpt":{"rendered":"<p>\u00abEstimamos que el inicio de licitaci\u00f3n del Puente Chaco-Corrientes sea en el mes de noviembre\u00bb, hab\u00eda informado el gobernador Jorge Capitanich el pasado 21 de octubre en sus cuentas oficiales. En esa sinton\u00eda, el ministro de Obras P\u00fablicas de la Naci\u00f3n, Gabriel Katopodis, comunic\u00f3 que ya se encuentra publicada en el portal Contratar la licitaci\u00f3n [&hellip;]<\/p>\n","protected":false},"author":3,"featured_media":2853,"comment_status":"closed","ping_status":"closed","sticky":false,"template":"","format":"standard","meta":{"om_disable_all_campaigns":false,"_monsterinsights_skip_tracking":false,"_monsterinsights_sitenote_active":false,"_monsterinsights_sitenote_note":"","_monsterinsights_sitenote_category":0,"footnotes":""},"categories":[33,34],"tags":[39,1007,1008,1006],"class_list":["post-2852","post","type-post","status-publish","format-standard","has-post-thumbnail","hentry","category-chaco","category-corrientes","tag-licitacion","tag-obras-de-infraestructuras","tag-obras-viales","tag-segundo-puente"],"aioseo_notices":[],"amp_enabled":true,"_links":{"self":[{"href":"https:\/\/diariodigitalnea.com\/index.php\/wp-json\/wp\/v2\/posts\/2852","targetHints":{"allow":["GET"]}}],"collection":[{"href":"https:\/\/diariodigitalnea.com\/index.php\/wp-json\/wp\/v2\/posts"}],"about":[{"href":"https:\/\/diariodigitalnea.com\/index.php\/wp-json\/wp\/v2\/types\/post"}],"author":[{"embeddable":true,"href":"https:\/\/diariodigitalnea.com\/index.php\/wp-json\/wp\/v2\/users\/3"}],"replies":[{"embeddable":true,"href":"https:\/\/diariodigitalnea.com\/index.php\/wp-json\/wp\/v2\/comments?post=2852"}],"version-history":[{"count":2,"href":"https:\/\/diariodigitalnea.com\/index.php\/wp-json\/wp\/v2\/posts\/2852\/revisions"}],"predecessor-version":[{"id":2859,"href":"https:\/\/diariodigitalnea.com\/index.php\/wp-json\/wp\/v2\/posts\/2852\/revisions\/2859"}],"wp:featuredmedia":[{"embeddable":true,"href":"https:\/\/diariodigitalnea.com\/index.php\/wp-json\/wp\/v2\/media\/2853"}],"wp:attachment":[{"href":"https:\/\/diariodigitalnea.com\/index.php\/wp-json\/wp\/v2\/media?parent=2852"}],"wp:term":[{"taxonomy":"category","embeddable":true,"href":"https:\/\/diariodigitalnea.com\/index.php\/wp-json\/wp\/v2\/categories?post=2852"},{"taxonomy":"post_tag","embeddable":true,"href":"https:\/\/diariodigitalnea.com\/index.php\/wp-json\/wp\/v2\/tags?post=2852"}],"curies":[{"name":"wp","href":"https:\/\/api.w.org\/{rel}","templated":true}]}}